{"id":33655,"date":"2022-12-02T12:23:37","date_gmt":"2022-12-02T11:23:37","guid":{"rendered":"http:\/\/centralmedia.rs\/?p=33655"},"modified":"2022-12-05T12:59:02","modified_gmt":"2022-12-05T11:59:02","slug":"palma-predsednika-srbije-ne-biraju-ni-lajcak-ni-borelj-ni-solc-ni-makron-vec-gradani-srbije","status":"publish","type":"post","link":"https:\/\/centralmedia.rs\/index.php\/2022\/12\/02\/palma-predsednika-srbije-ne-biraju-ni-lajcak-ni-borelj-ni-solc-ni-makron-vec-gradani-srbije\/","title":{"rendered":"PALMA : PREDSEDNIKA SRBIJE NE BIRAJU NI LAJ\u010cAK NI BORELJ NI \u0160OLC NI MAKRON, VE\u0106 GRA\u0110ANI SRBIJE"},"content":{"rendered":"<p>JAGODINA-\u201cU me\u0111unarodnom pravu, ako je neki sporazum ili ugovor sporan, nadle\u017ean je me\u0111unarodni sud. Ko je u slu\u010daju dijaloga Beograda i Pri\u0161tine me\u0111unarodni sud. Znam ko je. Kadija. Sada iz dela me\u0111unarodne zajednice prete predsedniku Srbije Aleksandru Vu\u010di\u0107u kako \u0107e da ga smene, kao da oni odlu\u010duju ko \u0107e biti predsednik Srbije. Ej ljudi, Srbija ima svoj Ustav i predsednika Srbije biraju gra\u0111ani Srbije na izborima, a ne \u0160olc, Makron, Borelj ili Laj\u010dak\u201d, izjavio je predsednik Jedinstvene Srbije Dragan Markovi\u0107 Palma. \u201cKada je u pitanju postavljanje Kurtijevih Srba u vladu privremenih pri\u0161tinskih institucija to je dno dna. Niko ne\u0107e na\u0107i, kada je tema nacionalno pitanje, nijednog Hrvata koji \u0107e biti protiv Zagreba, ne\u0107ete na\u0107i nijednog Bo\u0161njaka koji \u0107e biti protiv Sarajeva i ne\u0107ete na\u0107i nijednog kosovskog Albanca koji \u0107e biti protiv Pri\u0161tine. Na\u017ealost, na\u0111e se poneki Srbin koji je u diplomatskoj borbi Beograda i Pri\u0161tine za Pri\u0161tinu. I tu je svaki komentar suvi\u0161an. I ne znam \u010demu slu\u017ee neki novi predlozi o pravno obavezuju\u0107em sporazumu izme\u0111u Beograda i Pri\u0161tine, kada ve\u0107 imamo pravno obavezuju\u0107e sporazume &#8211; Rezoluciju 1244 Saveta bezednosti Ujedinjenih nacija i Briselski sporazum ili to nisu pravno obavezuju\u0107i sporazumi ? Jedinstvena Srbija u potpunosti podr\u017eava predsednika Srbije Aleksandra Vu\u010di\u0107a i Vladu Republike Srbije u nastojanjima da kompromisom, u skladu sa me\u0111unarodnim pravom, bude re\u0161eni problem na Kosovu i Metohiji, sve drugo je divlji zapad, odnosno zakon ja\u010dega\u201d, ka\u017ee se u saop\u0161tenju predsednika Jedinstvene Srbije Dragana Markovi\u0107a Palme.<\/p>\n","protected":false},"excerpt":{"rendered":"<p>JAGODINA-\u201cU me\u0111unarodnom pravu, ako je neki sporazum ili ugovor sporan, nadle\u017ean je me\u0111unarodni sud. Ko je u slu\u010daju dijaloga Beograda i Pri\u0161tine me\u0111unarodni sud. Znam &hellip; <\/p>\n","protected":false},"author":2,"featured_media":33656,"comment_status":"open","ping_status":"open","sticky":false,"template":"","format":"standard","meta":{"footnotes":""},"categories":[1524,2,1514,5643,13,887,12],"tags":[120,1112,63],"_links":{"self":[{"href":"https:\/\/centralmedia.rs\/index.php\/wp-json\/wp\/v2\/posts\/33655"}],"collection":[{"href":"https:\/\/centralmedia.rs\/index.php\/wp-json\/wp\/v2\/posts"}],"about":[{"href":"https:\/\/centralmedia.rs\/index.php\/wp-json\/wp\/v2\/types\/post"}],"author":[{"embeddable":true,"href":"https:\/\/centralmedia.rs\/index.php\/wp-json\/wp\/v2\/users\/2"}],"replies":[{"embeddable":true,"href":"https:\/\/centralmedia.rs\/index.php\/wp-json\/wp\/v2\/comments?post=33655"}],"version-history":[{"count":1,"href":"https:\/\/centralmedia.rs\/index.php\/wp-json\/wp\/v2\/posts\/33655\/revisions"}],"predecessor-version":[{"id":33657,"href":"https:\/\/centralmedia.rs\/index.php\/wp-json\/wp\/v2\/posts\/33655\/revisions\/33657"}],"wp:featuredmedia":[{"embeddable":true,"href":"https:\/\/centralmedia.rs\/index.php\/wp-json\/wp\/v2\/media\/33656"}],"wp:attachment":[{"href":"https:\/\/centralmedia.rs\/index.php\/wp-json\/wp\/v2\/media?parent=33655"}],"wp:term":[{"taxonomy":"category","embeddable":true,"href":"https:\/\/centralmedia.rs\/index.php\/wp-json\/wp\/v2\/categories?post=33655"},{"taxonomy":"post_tag","embeddable":true,"href":"https:\/\/centralmedia.rs\/index.php\/wp-json\/wp\/v2\/tags?post=33655"}],"curies":[{"name":"wp","href":"https:\/\/api.w.org\/{rel}","templated":true}]}}