{"id":33659,"date":"2022-12-02T12:42:31","date_gmt":"2022-12-02T11:42:31","guid":{"rendered":"http:\/\/centralmedia.rs\/?p=33659"},"modified":"2022-12-06T18:49:06","modified_gmt":"2022-12-06T17:49:06","slug":"uhapseni-razbojnici-u-svilajncu","status":"publish","type":"post","link":"https:\/\/centralmedia.rs\/index.php\/2022\/12\/02\/uhapseni-razbojnici-u-svilajncu\/","title":{"rendered":"UHAP\u0160ENI RAZBOJNICI U SVILAJNCU"},"content":{"rendered":"<p>SVILAJNAC-Pripadnici Ministarstva unutra\u0161njih poslova u Svilajncu uhapsili su D. M. (1997) iz tog grada i M. V. (2001) iz Kraljeva, zbog postojanja osnova sumnje da su izvr\u0161ili krivi\u010dno delo razbojni\u0161tvo, saop\u0161teno je iz policije.<\/p>\n<p><img loading=\"lazy\" decoding=\"async\" class=\"alignnone wp-image-33661 size-large\" src=\"http:\/\/centralmedia.rs\/wp-content\/uploads\/2022\/12\/UKRADENE-CIGARE-1024x577.jpg\" alt=\"\" width=\"640\" height=\"361\" srcset=\"https:\/\/centralmedia.rs\/wp-content\/uploads\/2022\/12\/UKRADENE-CIGARE-1024x577.jpg 1024w, https:\/\/centralmedia.rs\/wp-content\/uploads\/2022\/12\/UKRADENE-CIGARE-300x169.jpg 300w, https:\/\/centralmedia.rs\/wp-content\/uploads\/2022\/12\/UKRADENE-CIGARE-768x432.jpg 768w, https:\/\/centralmedia.rs\/wp-content\/uploads\/2022\/12\/UKRADENE-CIGARE-746x420.jpg 746w, https:\/\/centralmedia.rs\/wp-content\/uploads\/2022\/12\/UKRADENE-CIGARE-640x360.jpg 640w, https:\/\/centralmedia.rs\/wp-content\/uploads\/2022\/12\/UKRADENE-CIGARE-681x383.jpg 681w, https:\/\/centralmedia.rs\/wp-content\/uploads\/2022\/12\/UKRADENE-CIGARE.jpg 1600w\" sizes=\"(max-width: 640px) 100vw, 640px\" \/><\/p>\n<p>Oni se sumnji\u010de da su 29. novembra, maskirani, u\u0161li u prostorije benzinske pumpe u okolini Svilajnca i, uz pretnju pi\u0161toljem, od radnika uzeli novac i cigarete.<\/p>\n<p>Policija je u pretresu ku\u0107e koju su koristili osumnji\u010deni prona\u0161la torbu sa cigaretama, kao i dva pi\u0161tolja.<\/p>\n<p>Osumnji\u010denima je odre\u0111eno zadr\u017eavanje do 48 sati nakon \u010dega \u0107e, uz krivi\u010dnu prijavu, biti privedeni nadle\u017enom tu\u017eila\u0161tvu.<\/p>\n","protected":false},"excerpt":{"rendered":"<p>SVILAJNAC-Pripadnici Ministarstva unutra\u0161njih poslova u Svilajncu uhapsili su D. M. (1997) iz tog grada i M. V. (2001) iz Kraljeva, zbog postojanja osnova sumnje da &hellip; <\/p>\n","protected":false},"author":2,"featured_media":33660,"comment_status":"open","ping_status":"open","sticky":false,"template":"","format":"standard","meta":{"footnotes":""},"categories":[1524,20,2,887,12,1517,5785],"tags":[1657,38],"_links":{"self":[{"href":"https:\/\/centralmedia.rs\/index.php\/wp-json\/wp\/v2\/posts\/33659"}],"collection":[{"href":"https:\/\/centralmedia.rs\/index.php\/wp-json\/wp\/v2\/posts"}],"about":[{"href":"https:\/\/centralmedia.rs\/index.php\/wp-json\/wp\/v2\/types\/post"}],"author":[{"embeddable":true,"href":"https:\/\/centralmedia.rs\/index.php\/wp-json\/wp\/v2\/users\/2"}],"replies":[{"embeddable":true,"href":"https:\/\/centralmedia.rs\/index.php\/wp-json\/wp\/v2\/comments?post=33659"}],"version-history":[{"count":1,"href":"https:\/\/centralmedia.rs\/index.php\/wp-json\/wp\/v2\/posts\/33659\/revisions"}],"predecessor-version":[{"id":33662,"href":"https:\/\/centralmedia.rs\/index.php\/wp-json\/wp\/v2\/posts\/33659\/revisions\/33662"}],"wp:featuredmedia":[{"embeddable":true,"href":"https:\/\/centralmedia.rs\/index.php\/wp-json\/wp\/v2\/media\/33660"}],"wp:attachment":[{"href":"https:\/\/centralmedia.rs\/index.php\/wp-json\/wp\/v2\/media?parent=33659"}],"wp:term":[{"taxonomy":"category","embeddable":true,"href":"https:\/\/centralmedia.rs\/index.php\/wp-json\/wp\/v2\/categories?post=33659"},{"taxonomy":"post_tag","embeddable":true,"href":"https:\/\/centralmedia.rs\/index.php\/wp-json\/wp\/v2\/tags?post=33659"}],"curies":[{"name":"wp","href":"https:\/\/api.w.org\/{rel}","templated":true}]}}