{"id":33670,"date":"2022-12-04T00:14:38","date_gmt":"2022-12-03T23:14:38","guid":{"rendered":"http:\/\/centralmedia.rs\/?p=33670"},"modified":"2022-12-05T14:58:06","modified_gmt":"2022-12-05T13:58:06","slug":"zavrsna-faza-uredenja-centra-za-kulturu","status":"publish","type":"post","link":"https:\/\/centralmedia.rs\/index.php\/2022\/12\/04\/zavrsna-faza-uredenja-centra-za-kulturu\/","title":{"rendered":"ZAVR\u0160NA FAZA URE\u0110ENJA CENTRA ZA KULTURU"},"content":{"rendered":"<p>DESPOTOVAC-Toplifikacija Centra za kulturu u Despotovcu ulazi u zavr\u0161nu fazu, posle projektovanja i prikupljanja dokumentacije. To uklju\u010duje priklju\u010dak na toplovod, podstanicu i izvo\u0111enje radova na celokupnoj mre\u017ei u zgradi i postavljanje radijatora u kancelarijama, holovima i sali.<\/p>\n<p>-Ministarstvo kulture treba da nam odobri 15,5 miliona dinara za povezivanje Centra za kulturu sa Toplanom. Sada se zagrevaju prostorije TA pe\u0107ima, odnosno elektri\u010dnom energijom \u0161to nije efikasno i mnogo ko\u0161ta. Na toplovodu imamo predvi\u0111en izvod za priklju\u010denje Centra sa salom, ali pre toga treba zavr\u0161iti mre\u017eu i postaviti radijatore. Re\u010d je o grejanju cele zgrade, ka\u017ee zamenik predsednika zadu\u017een za kulturu Goran Milojkovi\u0107.<\/p>\n<div id='gallery-1' class='gallery galleryid-33670 gallery-columns-3 gallery-size-thumbnail'><figure class='gallery-item'>\n\t\t\t<div class='gallery-icon landscape'>\n\t\t\t\t<a href='https:\/\/centralmedia.rs\/index.php\/2022\/12\/04\/zavrsna-faza-uredenja-centra-za-kulturu\/centar-za-kulturu\/'><img loading=\"lazy\" decoding=\"async\" width=\"150\" height=\"150\" src=\"https:\/\/centralmedia.rs\/wp-content\/uploads\/2022\/12\/centar-za-kulturu-150x150.jpg\" class=\"attachment-thumbnail size-thumbnail\" alt=\"\" \/><\/a>\n\t\t\t<\/div><\/figure><figure class='gallery-item'>\n\t\t\t<div class='gallery-icon landscape'>\n\t\t\t\t<a href='https:\/\/centralmedia.rs\/index.php\/2022\/12\/04\/zavrsna-faza-uredenja-centra-za-kulturu\/centar-za-kulturu2\/'><img loading=\"lazy\" decoding=\"async\" width=\"150\" height=\"150\" src=\"https:\/\/centralmedia.rs\/wp-content\/uploads\/2022\/12\/centar-za-kulturu2-150x150.jpg\" class=\"attachment-thumbnail size-thumbnail\" alt=\"\" \/><\/a>\n\t\t\t<\/div><\/figure><figure class='gallery-item'>\n\t\t\t<div class='gallery-icon landscape'>\n\t\t\t\t<a href='https:\/\/centralmedia.rs\/index.php\/2022\/12\/04\/zavrsna-faza-uredenja-centra-za-kulturu\/centar-za-kulturu1\/'><img loading=\"lazy\" decoding=\"async\" width=\"150\" height=\"150\" src=\"https:\/\/centralmedia.rs\/wp-content\/uploads\/2022\/12\/centar-za-kulturu1-150x150.jpg\" class=\"attachment-thumbnail size-thumbnail\" alt=\"\" \/><\/a>\n\t\t\t<\/div><\/figure>\n\t\t<\/div>\n\n<p>Sala Centra za kulturu nije bila u funkciji 25 godina, desetak godina \u010dak i bez krova. Od 2017. godine sukcesivno su obavljani radovi. \u00a0Kompletno je \u00a0zamenjen krov, poja\u010dana je tavanska konstrukcija \u010delikom, obezbe\u0111eni su uslovi da se scenski prostor dalje unapredi za izvo\u0111enje predstava, postavljene su nove stolice, sre\u0111eni su \u00a0balkon, prilazi,stepeni\u0161ta i hol.<\/p>\n<p>-Despotovac je dobio izuzetan prostor, zaklju\u010dio je Milojkovi\u0107.<\/p>\n","protected":false},"excerpt":{"rendered":"<p>DESPOTOVAC-Toplifikacija Centra za kulturu u Despotovcu ulazi u zavr\u0161nu fazu, posle projektovanja i prikupljanja dokumentacije. To uklju\u010duje priklju\u010dak na toplovod, podstanicu i izvo\u0111enje radova na &hellip; <\/p>\n","protected":false},"author":2,"featured_media":33671,"comment_status":"open","ping_status":"open","sticky":false,"template":"","format":"standard","meta":{"footnotes":""},"categories":[1518,5786,1524,2,15,887,12],"tags":[2767,51],"_links":{"self":[{"href":"https:\/\/centralmedia.rs\/index.php\/wp-json\/wp\/v2\/posts\/33670"}],"collection":[{"href":"https:\/\/centralmedia.rs\/index.php\/wp-json\/wp\/v2\/posts"}],"about":[{"href":"https:\/\/centralmedia.rs\/index.php\/wp-json\/wp\/v2\/types\/post"}],"author":[{"embeddable":true,"href":"https:\/\/centralmedia.rs\/index.php\/wp-json\/wp\/v2\/users\/2"}],"replies":[{"embeddable":true,"href":"https:\/\/centralmedia.rs\/index.php\/wp-json\/wp\/v2\/comments?post=33670"}],"version-history":[{"count":1,"href":"https:\/\/centralmedia.rs\/index.php\/wp-json\/wp\/v2\/posts\/33670\/revisions"}],"predecessor-version":[{"id":33674,"href":"https:\/\/centralmedia.rs\/index.php\/wp-json\/wp\/v2\/posts\/33670\/revisions\/33674"}],"wp:featuredmedia":[{"embeddable":true,"href":"https:\/\/centralmedia.rs\/index.php\/wp-json\/wp\/v2\/media\/33671"}],"wp:attachment":[{"href":"https:\/\/centralmedia.rs\/index.php\/wp-json\/wp\/v2\/media?parent=33670"}],"wp:term":[{"taxonomy":"category","embeddable":true,"href":"https:\/\/centralmedia.rs\/index.php\/wp-json\/wp\/v2\/categories?post=33670"},{"taxonomy":"post_tag","embeddable":true,"href":"https:\/\/centralmedia.rs\/index.php\/wp-json\/wp\/v2\/tags?post=33670"}],"curies":[{"name":"wp","href":"https:\/\/api.w.org\/{rel}","templated":true}]}}