{"id":33680,"date":"2022-12-05T12:58:13","date_gmt":"2022-12-05T11:58:13","guid":{"rendered":"http:\/\/centralmedia.rs\/?p=33680"},"modified":"2022-12-06T17:51:43","modified_gmt":"2022-12-06T16:51:43","slug":"palma-radi-trajkovic-ti-si-srpska-majka-ne-daj-da-srpska-majka-izdaje-srbe-na-kosovu-i-metohiji","status":"publish","type":"post","link":"https:\/\/centralmedia.rs\/index.php\/2022\/12\/05\/palma-radi-trajkovic-ti-si-srpska-majka-ne-daj-da-srpska-majka-izdaje-srbe-na-kosovu-i-metohiji\/","title":{"rendered":"PALMA RADI TRAJKOVI\u0106 : TI SI SRPSKA MAJKA, NE DAJ DA SRPSKA MAJKA IZDAJE SRBE NA KOSOVU I METOHIJI"},"content":{"rendered":"<p>\u201eO\u010digledno je da neki Srbi na Kosovu i Metohiji imaju prevelike ambicije, ali ne mo\u017eete da postanete funkcioner ako vam narod nije dao poverenje. Postavlja se pitanje koga Nenad Ra\u0161i\u0107 i Rada Trajkovi\u0107 predstavljaju u vladi privremenih pri\u0161tinskih institucija. Mo\u017eda svoje porodice, ali oni nisu predstavnici Srba sa Kosova i Metohije niti su predstavnici Beograda. Ja Radu Trajkovi\u0107 poznajem preko 20 godina, gostovala je na TV Palma plus mnogo puta, ali ona se u stavovima promenila dijametralno suprotno od njenih stavova od pre 12, 13 godina i vi\u0161e. I moja poruka za nju je \u201e ti si srpska majka i ne daj da srpska majka izdaje Srbe na Kosovu i Metohiji\u201c, rekao je gostuju\u0107i na televiziji Pink predsednik Jedinstvene Srbije Dragan Markovi\u0107 Palma.<\/p>\n<p><img loading=\"lazy\" decoding=\"async\" class=\"alignnone wp-image-33682 size-large\" src=\"http:\/\/centralmedia.rs\/wp-content\/uploads\/2022\/12\/palma-tv-pink-1024x576.jpg\" alt=\"\" width=\"640\" height=\"360\" srcset=\"https:\/\/centralmedia.rs\/wp-content\/uploads\/2022\/12\/palma-tv-pink-1024x576.jpg 1024w, https:\/\/centralmedia.rs\/wp-content\/uploads\/2022\/12\/palma-tv-pink-300x169.jpg 300w, https:\/\/centralmedia.rs\/wp-content\/uploads\/2022\/12\/palma-tv-pink-768x432.jpg 768w, https:\/\/centralmedia.rs\/wp-content\/uploads\/2022\/12\/palma-tv-pink-747x420.jpg 747w, https:\/\/centralmedia.rs\/wp-content\/uploads\/2022\/12\/palma-tv-pink-640x360.jpg 640w, https:\/\/centralmedia.rs\/wp-content\/uploads\/2022\/12\/palma-tv-pink-681x383.jpg 681w, https:\/\/centralmedia.rs\/wp-content\/uploads\/2022\/12\/palma-tv-pink.jpg 1600w\" sizes=\"(max-width: 640px) 100vw, 640px\" \/><\/p>\n<p>&nbsp;<\/p>\n<p>VU\u010cI\u0106 NIJE MA\u0160INA I NE MO\u017dE VI\u0160E DA TRPI NEPRAVDU<\/p>\n<p>Upitan da prokomentari\u0161e reakciju predsednika Srbije Aleksandra Vu\u010di\u0107a na imenovanje Nenada Ra\u0161i\u0107a i Rade Trajkovi\u0107 u takozvanu vladu Kosova Markovi\u0107 je rekao : \u201eVu\u010di\u0107 nije ma\u0161ina, on je od krvi i mesa kao i svi mi i ne mo\u017ee vi\u0161e da trpi tu nepravdu. Mnogo je sastanaka bilo sa predsednicima dr\u017eava Evropske unije, funkcionerima Evropske unije, mnogo su ga lagali. Da\u0107u vam jedan primer, imali smo miting u Hali sportova u Jagodini, ja sam sedeo pored Vu\u010di\u0107a i njega je pozvao Generalni sekretar NATO Jens Stoltenebrg i rekao mu da ROSU ne mogu na sever Kosova i Metohije bez odobrenja KFOR &#8211; a i bez saglasnosti \u010detiri predsednika op\u0161tina sa severa Kosova i Metohije. I \u0161ta se desilo ? Kome mi da verujemo, ko je garancija ?\u201c upitao je predsednik Jedinstvene Srbije.<\/p>\n<p>&nbsp;<\/p>\n<p>GDE JE KETRIN E\u0160TON<\/p>\n<p>\u201eGra\u0111ani Srbije dobro znaju koliko su veliki pritisci na na\u0161u zemlju i predsednika Aleksandra Vu\u010di\u0107a od strane Evropske unije po pitanju Kosova i Metohije. Najbolji primer nepravde je Ketrin E\u0161ton. \u0160ta je uradila Ketrin E\u0161ton koja je potpisnik Briselskog sporazuma ? Gde je Ketrin E\u0161ton da ka\u017ee ko i za\u0161to nije realizovao Briselski sporazum i formirao Zajednicu srpskih op\u0161tina. Na\u0161 problem je \u0161to smo mi verovali da kada do\u0111e do personalnih promena u me\u0111unarodnoj politici da \u0107e ne\u0161to da se promeni, ali globalna politika ostaje ista, setimo se samo \u0161efova UNMIK -a, od Bernara Ku\u0161nera pa nadalje, oni su se menjali, ali globalna politika se nije menjala\u201c, rekao je Markovi\u0107<\/p>\n<p>&nbsp;<\/p>\n<p>BORKO STEFANOVI\u0106U ZA KOGA TI RADI\u0160<\/p>\n<p>\u201eNiko nema ni\u0161ta protiv da opozicija kritikuje vlast, ali da ti ode\u0161 u Be\u010d i la\u017ee\u0161 o Srbiji i o pojedincima, la\u017ee\u0161 i o meni i ka\u017ee\u0161 da u Be\u010du ne podr\u017eavaju da ja budem predsednik Grupe srpsko \u2013 austrijskog prijateljstva u Skup\u0161tini Srbije, a ja nakon 5 dana od tog njegovog laganja dobijem zvani\u010dan poziv iz austrijskog parlamenta da dovedem, kao predsednik Grupe srpsko \u2013 austrijskog prijateljstva u Skup\u0161tini Srbije, delegaciju u Savezni parlament Austrije. Takvi koji la\u017eu o svojoj zemlji u inostranstvu su strani pla\u0107enici i doma\u0107i izdajnici. I neka me napadnu za te re\u010di, ali moje pitanje za Borka Stefanovi\u0107a je \u201eZa koga ti radi\u0161, za \u010diju slu\u017ebu radi\u0161, za CIA, MIA, DEA, \u0161ta si bre ti, koga ti la\u017ee\u0161? Je l ti to zadatak da ide\u0161 po inostranstvu i napada\u0161 Srbiju\u201c, izjavio je Dragan Markov\u0107 Palma na televiziji Pink. \u201e Razlog njegovog napada na mene je taj \u0161to mi nismo hteli da glasamo za njega da bude potpredsednik Skup\u0161tine Srbije, jer smatramo da ima odgovornost za \u0161tetne sporazume koje je potpisao vezano za Kosovo i Metohiju, a zbog kojih ni danas ne mo\u017eemo glavu da dignemo. Ne mo\u017ee\u0161 da ide\u0161 u inostranstvo i napada\u0161 Srbiju. Takvi mora da shvate da je porodica broj jedan, a Srbija broj dva, ako izgubimo Srbiju gde \u0107emo da \u017eivimo\u201c, poru\u010dio je Palma.<\/p>\n","protected":false},"excerpt":{"rendered":"<p>\u201eO\u010digledno je da neki Srbi na Kosovu i Metohiji imaju prevelike ambicije, ali ne mo\u017eete da postanete funkcioner ako vam narod nije dao poverenje. Postavlja &hellip; <\/p>\n","protected":false},"author":2,"featured_media":33681,"comment_status":"open","ping_status":"open","sticky":false,"template":"","format":"standard","meta":{"footnotes":""},"categories":[1524,2,1514,5643,13,887,12],"tags":[143,120,63],"_links":{"self":[{"href":"https:\/\/centralmedia.rs\/index.php\/wp-json\/wp\/v2\/posts\/33680"}],"collection":[{"href":"https:\/\/centralmedia.rs\/index.php\/wp-json\/wp\/v2\/posts"}],"about":[{"href":"https:\/\/centralmedia.rs\/index.php\/wp-json\/wp\/v2\/types\/post"}],"author":[{"embeddable":true,"href":"https:\/\/centralmedia.rs\/index.php\/wp-json\/wp\/v2\/users\/2"}],"replies":[{"embeddable":true,"href":"https:\/\/centralmedia.rs\/index.php\/wp-json\/wp\/v2\/comments?post=33680"}],"version-history":[{"count":1,"href":"https:\/\/centralmedia.rs\/index.php\/wp-json\/wp\/v2\/posts\/33680\/revisions"}],"predecessor-version":[{"id":33683,"href":"https:\/\/centralmedia.rs\/index.php\/wp-json\/wp\/v2\/posts\/33680\/revisions\/33683"}],"wp:featuredmedia":[{"embeddable":true,"href":"https:\/\/centralmedia.rs\/index.php\/wp-json\/wp\/v2\/media\/33681"}],"wp:attachment":[{"href":"https:\/\/centralmedia.rs\/index.php\/wp-json\/wp\/v2\/media?parent=33680"}],"wp:term":[{"taxonomy":"category","embeddable":true,"href":"https:\/\/centralmedia.rs\/index.php\/wp-json\/wp\/v2\/categories?post=33680"},{"taxonomy":"post_tag","embeddable":true,"href":"https:\/\/centralmedia.rs\/index.php\/wp-json\/wp\/v2\/tags?post=33680"}],"curies":[{"name":"wp","href":"https:\/\/api.w.org\/{rel}","templated":true}]}}