{"id":33684,"date":"2022-12-05T14:57:08","date_gmt":"2022-12-05T13:57:08","guid":{"rendered":"http:\/\/centralmedia.rs\/?p=33684"},"modified":"2022-12-06T18:48:44","modified_gmt":"2022-12-06T17:48:44","slug":"despotovac-grad-kulture-i-duhovnosti","status":"publish","type":"post","link":"https:\/\/centralmedia.rs\/index.php\/2022\/12\/05\/despotovac-grad-kulture-i-duhovnosti\/","title":{"rendered":"DESPOTOVAC GRAD KULTURE I DUHOVNOSTI"},"content":{"rendered":"<p>DESPOTOVAC- U Despotovcu se Dani srpskog duhovno preobra\u017eenja odr\u017eavaju od 1993. godine i taj grad pretenduje da bude grad kulture i duhovnosti\u00a0 zbog zaostav\u0161tine Despota Stefana Lazarevi\u0107a i manastira Manasija.<\/p>\n<div id='gallery-1' class='gallery galleryid-33684 gallery-columns-9 gallery-size-thumbnail'><figure class='gallery-item'>\n\t\t\t<div class='gallery-icon landscape'>\n\t\t\t\t<a href='https:\/\/centralmedia.rs\/index.php\/2019\/08\/23\/poceo-viteski-festival-just-out-u-despotovcu-svetionik-snage-duha-i-dobrih-ljudi\/just-out-2\/'><img loading=\"lazy\" decoding=\"async\" width=\"150\" height=\"150\" src=\"https:\/\/centralmedia.rs\/wp-content\/uploads\/2019\/08\/just-out-150x150.jpg\" class=\"attachment-thumbnail size-thumbnail\" alt=\"\" \/><\/a>\n\t\t\t<\/div><\/figure><figure class='gallery-item'>\n\t\t\t<div class='gallery-icon landscape'>\n\t\t\t\t<a href='https:\/\/centralmedia.rs\/index.php\/2017\/08\/24\/predsednik-vucic-otvara-viteski-turnir-just-3-u-manasiji-borbe-srpskih-turskih-vitezova-posle-dva-veka\/vitezovi-iz-gracanice\/'><img loading=\"lazy\" decoding=\"async\" width=\"150\" height=\"150\" src=\"https:\/\/centralmedia.rs\/wp-content\/uploads\/2017\/08\/vitezovi-iz-gracanice-150x150.jpg\" class=\"attachment-thumbnail size-thumbnail\" alt=\"\" aria-describedby=\"gallery-1-9224\" \/><\/a>\n\t\t\t<\/div>\n\t\t\t\t<figcaption class='wp-caption-text gallery-caption' id='gallery-1-9224'>\n\t\t\t\tSrpski vitezovi &#8211; foto JUST OUT\n\t\t\t\t<\/figcaption><\/figure><figure class='gallery-item'>\n\t\t\t<div class='gallery-icon landscape'>\n\t\t\t\t<a href='https:\/\/centralmedia.rs\/index.php\/2019\/08\/20\/5-viteski-festival-just-out-u-manastiru-manasija\/2-25\/'><img loading=\"lazy\" decoding=\"async\" width=\"150\" height=\"150\" src=\"https:\/\/centralmedia.rs\/wp-content\/uploads\/2019\/08\/2-150x150.jpg\" class=\"attachment-thumbnail size-thumbnail\" alt=\"\" \/><\/a>\n\t\t\t<\/div><\/figure><figure class='gallery-item'>\n\t\t\t<div class='gallery-icon landscape'>\n\t\t\t\t<a href='https:\/\/centralmedia.rs\/index.php\/2016\/07\/09\/u-pred-sezoni-u-despotovcu-tri-puta-vise-turista\/manasija-despotovac-f-b\/'><img loading=\"lazy\" decoding=\"async\" width=\"150\" height=\"150\" src=\"https:\/\/centralmedia.rs\/wp-content\/uploads\/2016\/07\/manasija-despotovac-f.b.-150x150.jpg\" class=\"attachment-thumbnail size-thumbnail\" alt=\"\" aria-describedby=\"gallery-1-3668\" \/><\/a>\n\t\t\t<\/div>\n\t\t\t\t<figcaption class='wp-caption-text gallery-caption' id='gallery-1-3668'>\n\t\t\t\tManastir Manasija\n\t\t\t\t<\/figcaption><\/figure><figure class='gallery-item'>\n\t\t\t<div class='gallery-icon landscape'>\n\t\t\t\t<a href='https:\/\/centralmedia.rs\/index.php\/2015\/10\/13\/manasiju-stiti-unesko\/manastirska-trpezarija-i-crkva-1\/'><img loading=\"lazy\" decoding=\"async\" width=\"150\" height=\"150\" src=\"https:\/\/centralmedia.rs\/wp-content\/uploads\/2015\/10\/manastirska-trpezarija-i-crkva-1-150x150.jpg\" class=\"attachment-thumbnail size-thumbnail\" alt=\"\" \/><\/a>\n\t\t\t<\/div><\/figure><figure class='gallery-item'>\n\t\t\t<div class='gallery-icon landscape'>\n\t\t\t\t<a href='https:\/\/centralmedia.rs\/index.php\/2016\/08\/26\/poceo-viteski-festival-despot-stefan-vise-od-5-000-gradana-podno-zidina-manasije\/viteski-festival-12-despotovac-g-j\/'><img loading=\"lazy\" decoding=\"async\" width=\"150\" height=\"150\" src=\"https:\/\/centralmedia.rs\/wp-content\/uploads\/2016\/08\/viteski-festival-12-despotovac-g.j.-150x150.jpg\" class=\"attachment-thumbnail size-thumbnail\" alt=\"\" \/><\/a>\n\t\t\t<\/div><\/figure><figure class='gallery-item'>\n\t\t\t<div class='gallery-icon landscape'>\n\t\t\t\t<a href='https:\/\/centralmedia.rs\/index.php\/2016\/08\/26\/poceo-viteski-festival-despot-stefan-vise-od-5-000-gradana-podno-zidina-manasije\/viteski-festival-3-despotovac-g-j\/'><img loading=\"lazy\" decoding=\"async\" width=\"150\" height=\"150\" src=\"https:\/\/centralmedia.rs\/wp-content\/uploads\/2016\/08\/viteski-festival-3-despotovac-g.j.-150x150.jpg\" class=\"attachment-thumbnail size-thumbnail\" alt=\"\" \/><\/a>\n\t\t\t<\/div><\/figure><figure class='gallery-item'>\n\t\t\t<div class='gallery-icon portrait'>\n\t\t\t\t<a href='https:\/\/centralmedia.rs\/index.php\/2016\/08\/26\/poceo-viteski-festival-despot-stefan-vise-od-5-000-gradana-podno-zidina-manasije\/viteski-festival-8-despotovac-g-j\/'><img loading=\"lazy\" decoding=\"async\" width=\"150\" height=\"150\" src=\"https:\/\/centralmedia.rs\/wp-content\/uploads\/2016\/08\/viteski-festival-8-despotovac-g.j.-150x150.jpg\" class=\"attachment-thumbnail size-thumbnail\" alt=\"\" \/><\/a>\n\t\t\t<\/div><\/figure><figure class='gallery-item'>\n\t\t\t<div class='gallery-icon landscape'>\n\t\t\t\t<a href='https:\/\/centralmedia.rs\/index.php\/2019\/08\/23\/poceo-viteski-festival-just-out-u-despotovcu-svetionik-snage-duha-i-dobrih-ljudi\/just-out-10\/'><img loading=\"lazy\" decoding=\"async\" width=\"150\" height=\"150\" src=\"https:\/\/centralmedia.rs\/wp-content\/uploads\/2019\/08\/just-out-10-150x150.jpg\" class=\"attachment-thumbnail size-thumbnail\" alt=\"\" \/><\/a>\n\t\t\t<\/div><\/figure>\n\t\t<\/div>\n\n<p>&#8211; To bi trebalo da podstakne kulturni turizam u Despotovcu. Dani srpskoga duhovnog preobra\u017eenja\u00a0 odr\u017eani su 30. put, a od 2015. godine odr\u017eava\u00a0 se vite\u0161ki festival Despot Stefan Lazarevi\u0107 &#8211; Just out, koji privla\u010di na stotine hiljada posetilaca iz Srbije i sveta, navodi zamenik predsednika te op\u0161tine Goran Milojkovi\u0107 i dodaje da tu treba uvrstiti i Muzej ugljarstva sa rudarskim mestom Senjski Rudnik koji je zami\u0161ljen kao grad muzej na otvorenom. \u00a0Postavaka grad muzej je zavr\u0161ena u prvoj fazi. Ure\u0111eni su muzej i radionica, ali treba \u010ditavo naselje da bude rekonstruisano i konzervirano, a tako\u0111e i ulazak u okno, kao atrakcija vo\u017enja rudarskim oknom.<\/p>\n<p>Oko 2 miliona evra evra dr\u017eava je ulo\u017eila u izgradnju puta i komunalne infrastrukture od Despotovca do manastira Manasija. Radovi su obavljeni u sklopu obele\u017eevanja jubileja 600 godina tog manastira. Velika sredstva ulo\u017eena su u samu restauraciju i istra\u017eivanja manastira Manasija i utvr\u0111enja.<\/p>\n<p>-Asfaltiran je put do manastira Manasija, parking, pe\u0161a\u010dko-biciklisti\u010dka staza, ura\u0111eni su novi priklju\u010dci za vodovod, kanalizaciju, gas i struju za manastir, kao i podzemna uli\u010dna rasveta. \u0160to se ti\u010de manastira, rekonstruisano je devet kula i ostalo je jo\u0161 par za\u00a0 ure\u0111enja. Obvljeni su obimni istra\u017eiva\u010dki radovi, isti\u010de Milojkovi\u0107.<\/p>\n","protected":false},"excerpt":{"rendered":"<p>DESPOTOVAC- U Despotovcu se Dani srpskog duhovno preobra\u017eenja odr\u017eavaju od 1993. godine i taj grad pretenduje da bude grad kulture i duhovnosti\u00a0 zbog zaostav\u0161tine Despota &hellip; <\/p>\n","protected":false},"author":2,"featured_media":32400,"comment_status":"open","ping_status":"open","sticky":false,"template":"","format":"standard","meta":{"footnotes":""},"categories":[1518,5786,1524,2,15,887,12],"tags":[51,6074,50],"_links":{"self":[{"href":"https:\/\/centralmedia.rs\/index.php\/wp-json\/wp\/v2\/posts\/33684"}],"collection":[{"href":"https:\/\/centralmedia.rs\/index.php\/wp-json\/wp\/v2\/posts"}],"about":[{"href":"https:\/\/centralmedia.rs\/index.php\/wp-json\/wp\/v2\/types\/post"}],"author":[{"embeddable":true,"href":"https:\/\/centralmedia.rs\/index.php\/wp-json\/wp\/v2\/users\/2"}],"replies":[{"embeddable":true,"href":"https:\/\/centralmedia.rs\/index.php\/wp-json\/wp\/v2\/comments?post=33684"}],"version-history":[{"count":1,"href":"https:\/\/centralmedia.rs\/index.php\/wp-json\/wp\/v2\/posts\/33684\/revisions"}],"predecessor-version":[{"id":33685,"href":"https:\/\/centralmedia.rs\/index.php\/wp-json\/wp\/v2\/posts\/33684\/revisions\/33685"}],"wp:featuredmedia":[{"embeddable":true,"href":"https:\/\/centralmedia.rs\/index.php\/wp-json\/wp\/v2\/media\/32400"}],"wp:attachment":[{"href":"https:\/\/centralmedia.rs\/index.php\/wp-json\/wp\/v2\/media?parent=33684"}],"wp:term":[{"taxonomy":"category","embeddable":true,"href":"https:\/\/centralmedia.rs\/index.php\/wp-json\/wp\/v2\/categories?post=33684"},{"taxonomy":"post_tag","embeddable":true,"href":"https:\/\/centralmedia.rs\/index.php\/wp-json\/wp\/v2\/tags?post=33684"}],"curies":[{"name":"wp","href":"https:\/\/api.w.org\/{rel}","templated":true}]}}