{"id":33699,"date":"2022-12-06T18:38:04","date_gmt":"2022-12-06T17:38:04","guid":{"rendered":"http:\/\/centralmedia.rs\/?p=33699"},"modified":"2022-12-08T13:40:59","modified_gmt":"2022-12-08T12:40:59","slug":"palma-nista-nije-zavrseno-dok-se-sve-ne-zavrsi-a-to-znaci-priznanje-kosova-to-je-zahtev-albanaca","status":"publish","type":"post","link":"https:\/\/centralmedia.rs\/index.php\/2022\/12\/06\/palma-nista-nije-zavrseno-dok-se-sve-ne-zavrsi-a-to-znaci-priznanje-kosova-to-je-zahtev-albanaca\/","title":{"rendered":"PALMA : NI\u0160TA NIJE ZAVR\u0160ENO DOK SE SVE NE ZAVR\u0160I. A TO ZNA\u010cI PRIZNANJE KOSOVA. TO JE ZAHTEV ALBANACA"},"content":{"rendered":"<p>\u201eNegativan utisak na mene su ostavili Borelj i Laj\u010dak koji dolaze iz zemalja koje nisu priznale takozvano nezavisno Kosovo, a pona\u0161aju se suprotno stavu svojih zemalja, \u0160panije i Slova\u010dke. Zahtev kosovskih Albanaca je da ni\u0161ta nije dogovoreno dok sve nije dogovoreno, a \u0161ta je to \u201esve\u201c?To njihovo \u201esve\u201c zna\u010di da Srbija prizna takozvano nezavisno Kosovo. Srbija nikada ne sme da prizna takozvano nezavisno Kosovo. Nema politi\u010dara iz vlasti koji \u0107e priznati nezavisno Kosovo. Oni mogu da nam otmu Kosovo i to su u\u010dinili 1999. godine i Kosovo danas ima neke atribute dr\u017eavnosti, ali to Srbija nikada ne sme da prizna. To \u0161to je Srbiji ura\u0111eno 1999. godine je kao genocid, to nikada ne zastareva. Kosovski Albanci nikada ne\u0107e formirati Zajednicu srpskih op\u0161tina. Meni je u Va\u0161ingtonu, kada sam bio na inauguraciji Donalda Trampa za predsednika SAD, biv\u0161i \u0161ef CIA za Balkan Stiven Mer rekao \u201ekada se vratite u Srbiju recite svojima da Briselski sporazum bace u korpu\u201c. Ja sam ga tada pitao \u201e\u0161to nam to odmah niste rekli, tada kada ste bili aktivni u CIA\u201c, Stiven Mer mi je rekao \u201esada su se stekli uslovi\u201c, rekao je predsednik Jedinstvene Srbije. \u201eSrbija je meta zapada zbog svog geografskog polo\u017eaja, a posebno je Srbija sada njima trn u oku zbog svoje ekonomske stabilnosti. Kada se razlikujete od svojih kom\u0161ija, kada ste prestigli mnoge zemlje Evropske unije u ekonomiji onda ste meta. Srbija je danas i politi\u010dki i ekonomski stabilna i ne trebaju Srbiji ni finansijska pomo\u0107, ni bilo kakva druga i Srbija danas sama mo\u017ee da donosi odluke\u201c, rekao je predsednik Jedinstvene Srbije Dragan Markovi\u0107 Palma gostuju\u0107i na Hepi televiziji.<\/p>\n<p><img loading=\"lazy\" decoding=\"async\" class=\"alignnone wp-image-33701 size-large\" src=\"http:\/\/centralmedia.rs\/wp-content\/uploads\/2022\/12\/palma-happy1-1024x583.jpg\" alt=\"\" width=\"640\" height=\"364\" srcset=\"https:\/\/centralmedia.rs\/wp-content\/uploads\/2022\/12\/palma-happy1-1024x583.jpg 1024w, https:\/\/centralmedia.rs\/wp-content\/uploads\/2022\/12\/palma-happy1-300x171.jpg 300w, https:\/\/centralmedia.rs\/wp-content\/uploads\/2022\/12\/palma-happy1-768x437.jpg 768w, https:\/\/centralmedia.rs\/wp-content\/uploads\/2022\/12\/palma-happy1-738x420.jpg 738w, https:\/\/centralmedia.rs\/wp-content\/uploads\/2022\/12\/palma-happy1-640x364.jpg 640w, https:\/\/centralmedia.rs\/wp-content\/uploads\/2022\/12\/palma-happy1-681x388.jpg 681w, https:\/\/centralmedia.rs\/wp-content\/uploads\/2022\/12\/palma-happy1-1021x580.jpg 1021w, https:\/\/centralmedia.rs\/wp-content\/uploads\/2022\/12\/palma-happy1.jpg 1186w\" sizes=\"(max-width: 640px) 100vw, 640px\" \/><\/p>\n<p>PALMA :\u00a0 BOLJE JE 1000 DANA RAZGOVARATI NEGO JEDAN DAN RATOVATI<\/p>\n<p>\u201ePredsednik Srbije Aleksandar Vu\u010di\u0107 nije sam sebe pozvao na Samit u Tirani, ve\u0107 je pozvan, a posao doma\u0107ina skupa je da obezbedi sve goste. Mi ne o\u010dekujemo od Edija Rame da on ka\u017ee \u201epovla\u010dim priznanje nezavisnog Kosova\u201c, ali ima ne\u0161to oko \u010dega se sla\u017eemo. Vu\u010di\u0107 je bio inicijator odli\u010dnog projekta \u201eOtvoreni Balkan\u201c i Edi Rama je to prihvatio. Mi ne mo\u017eemo ve\u010dno da se sva\u0111amo i da i Albanci i Srbi u\u010de decu od ro\u0111enja da su im najve\u0107i neprijateji Srbi ili Albanci. Mi ne mo\u017eemo da zaboravimo \u0161ta se de\u0161avalo na Kosovu i Metohiji, ubistva i pogrom srpskog naroda. Ali moja poruka je da je bolje 1000 dana razgovarati nego jedan dan ratovati\u201c, rekao je predsednik Jedinstvene Srbije.<\/p>\n","protected":false},"excerpt":{"rendered":"<p>\u201eNegativan utisak na mene su ostavili Borelj i Laj\u010dak koji dolaze iz zemalja koje nisu priznale takozvano nezavisno Kosovo, a pona\u0161aju se suprotno stavu svojih &hellip; <\/p>\n","protected":false},"author":2,"featured_media":33700,"comment_status":"open","ping_status":"open","sticky":false,"template":"","format":"standard","meta":{"footnotes":""},"categories":[1524,2,1514,5643,13,887,12],"tags":[143,120,5150],"_links":{"self":[{"href":"https:\/\/centralmedia.rs\/index.php\/wp-json\/wp\/v2\/posts\/33699"}],"collection":[{"href":"https:\/\/centralmedia.rs\/index.php\/wp-json\/wp\/v2\/posts"}],"about":[{"href":"https:\/\/centralmedia.rs\/index.php\/wp-json\/wp\/v2\/types\/post"}],"author":[{"embeddable":true,"href":"https:\/\/centralmedia.rs\/index.php\/wp-json\/wp\/v2\/users\/2"}],"replies":[{"embeddable":true,"href":"https:\/\/centralmedia.rs\/index.php\/wp-json\/wp\/v2\/comments?post=33699"}],"version-history":[{"count":1,"href":"https:\/\/centralmedia.rs\/index.php\/wp-json\/wp\/v2\/posts\/33699\/revisions"}],"predecessor-version":[{"id":33702,"href":"https:\/\/centralmedia.rs\/index.php\/wp-json\/wp\/v2\/posts\/33699\/revisions\/33702"}],"wp:featuredmedia":[{"embeddable":true,"href":"https:\/\/centralmedia.rs\/index.php\/wp-json\/wp\/v2\/media\/33700"}],"wp:attachment":[{"href":"https:\/\/centralmedia.rs\/index.php\/wp-json\/wp\/v2\/media?parent=33699"}],"wp:term":[{"taxonomy":"category","embeddable":true,"href":"https:\/\/centralmedia.rs\/index.php\/wp-json\/wp\/v2\/categories?post=33699"},{"taxonomy":"post_tag","embeddable":true,"href":"https:\/\/centralmedia.rs\/index.php\/wp-json\/wp\/v2\/tags?post=33699"}],"curies":[{"name":"wp","href":"https:\/\/api.w.org\/{rel}","templated":true}]}}