{"id":33713,"date":"2022-12-09T23:44:45","date_gmt":"2022-12-09T22:44:45","guid":{"rendered":"http:\/\/centralmedia.rs\/?p=33713"},"modified":"2022-12-14T16:29:54","modified_gmt":"2022-12-14T15:29:54","slug":"nagrada-ralexu","status":"publish","type":"post","link":"https:\/\/centralmedia.rs\/index.php\/2022\/12\/09\/nagrada-ralexu\/","title":{"rendered":"NAGRADA RALEXU"},"content":{"rendered":"<p>JAGODINA-Regionalna prevredna komora \u0160umadijskog i Pomoravskog upravnog okruga dodelila je godi\u0161nje nagrade za doprinos u razvoju prvirede predstavnicima osam kompanija iz Kragujevca, Ra\u010de, Aran\u0111elovca i Jagodine.<\/p>\n<p>Privredna dru\u0161tva nagra\u0111ena za poseban doprinos razvoju privrede regiona su\u00a0\u201cRalex\u201d iz Jagodine, \u201cAgro Jevti\u0107\u201d iz Sipi\u0107a i \u201cFortuna market\u201d iz Aran\u0111elovca.<\/p>\n<p>Nagrade zaregionalnog poslovnog lidera dodeljene su Rado\u0161u Jevtovi\u0107u\u00a0vlasniku firme \u201cTrim\u201d iz Jagodine i\u00a0Slavoljubu Gali\u0107u \u0110aniju\u00a0vlasniku \u201cGalerije nakita \u0110ani.<\/p>\n<p>Jubilarne nagrade dodeljene su privrednim dru\u0161tvima \u201cBanja komerc Bekament\u201d iz Aran\u0111elovca za 30 godina rada i \u201cHodlmayr Zastava\u201d za dve decenije postojanja.<\/p>\n<p>Nagrada za poslovni uspeh Privredne komore Srbije, dodeljena je privrednom dru\u0161tvu \u201cWacker Neuson\u201d.<\/p>\n<p>Prema pre\u010dima direktora Regionalne\u00a0privredne komore \u0160umadijskog i Pomoravskog upravnog okruga,\u00a0Predraga Lu\u010di\u0107a, spoljnotrgovinska razmena \u0160umadije i Pomoravlja za 10 meseci ove godine iznosi vi\u0161e od 2,6 milijardi evra. Dodaje da su ova dva regiona u istom periodu ostvarila spoljnotrgovniski suficit od 326 miliona evra i pove\u0107ala izvoz za 4,1 odsto u odnosnu na prethodnu godinu.<\/p>\n<p>&nbsp;<\/p>\n","protected":false},"excerpt":{"rendered":"<p>JAGODINA-Regionalna prevredna komora \u0160umadijskog i Pomoravskog upravnog okruga dodelila je godi\u0161nje nagrade za doprinos u razvoju prvirede predstavnicima osam kompanija iz Kragujevca, Ra\u010de, Aran\u0111elovca i &hellip; <\/p>\n","protected":false},"author":2,"featured_media":33714,"comment_status":"open","ping_status":"open","sticky":false,"template":"","format":"standard","meta":{"footnotes":""},"categories":[22,1524,2,1514,5643,887,12],"tags":[799,6079],"_links":{"self":[{"href":"https:\/\/centralmedia.rs\/index.php\/wp-json\/wp\/v2\/posts\/33713"}],"collection":[{"href":"https:\/\/centralmedia.rs\/index.php\/wp-json\/wp\/v2\/posts"}],"about":[{"href":"https:\/\/centralmedia.rs\/index.php\/wp-json\/wp\/v2\/types\/post"}],"author":[{"embeddable":true,"href":"https:\/\/centralmedia.rs\/index.php\/wp-json\/wp\/v2\/users\/2"}],"replies":[{"embeddable":true,"href":"https:\/\/centralmedia.rs\/index.php\/wp-json\/wp\/v2\/comments?post=33713"}],"version-history":[{"count":2,"href":"https:\/\/centralmedia.rs\/index.php\/wp-json\/wp\/v2\/posts\/33713\/revisions"}],"predecessor-version":[{"id":33716,"href":"https:\/\/centralmedia.rs\/index.php\/wp-json\/wp\/v2\/posts\/33713\/revisions\/33716"}],"wp:featuredmedia":[{"embeddable":true,"href":"https:\/\/centralmedia.rs\/index.php\/wp-json\/wp\/v2\/media\/33714"}],"wp:attachment":[{"href":"https:\/\/centralmedia.rs\/index.php\/wp-json\/wp\/v2\/media?parent=33713"}],"wp:term":[{"taxonomy":"category","embeddable":true,"href":"https:\/\/centralmedia.rs\/index.php\/wp-json\/wp\/v2\/categories?post=33713"},{"taxonomy":"post_tag","embeddable":true,"href":"https:\/\/centralmedia.rs\/index.php\/wp-json\/wp\/v2\/tags?post=33713"}],"curies":[{"name":"wp","href":"https:\/\/api.w.org\/{rel}","templated":true}]}}