{"id":33736,"date":"2022-12-14T15:50:53","date_gmt":"2022-12-14T14:50:53","guid":{"rendered":"http:\/\/centralmedia.rs\/?p=33736"},"modified":"2022-12-16T22:30:33","modified_gmt":"2022-12-16T21:30:33","slug":"dan-fakulteta-pedagoskih-nauka","status":"publish","type":"post","link":"https:\/\/centralmedia.rs\/index.php\/2022\/12\/14\/dan-fakulteta-pedagoskih-nauka\/","title":{"rendered":"DAN FAKULTETA PEDAGO\u0160KIH NAUKA"},"content":{"rendered":"<p>JAGODINA- Povodom Dana Fakulteta pedago\u0161kih nauka u Jagodini uru\u010dene su po\u010dasne diplome \u201eNarodni u\u010ditelj\u201d za poseban doprinos razvoju obrazovanja i afirmaciju Fakulteta\u00a0 prof. dr Milo\u0161u Kova\u010devi\u0107u i \u201eMagister humanitas\u201d koju Fakultet dodeljuje za pedago\u0161ko delovanje i poseban doprinos razvoju kulture mladih dodeljena novinaru, televizijskom uredniku, scenaristi i voditelju Milanu Popovi\u0107u. \u00a0Uru\u010dene su i novoustanovljene specijalne nagrade Fakulteta za nastavnike i saradnike, zahvalnice i pokloni povodom odlaska u penziju, diplome i nagrade studentima osnovih i master akademskih studija za uspeh postignut u toku studija i za najbolje studentsko likovno ostvarenje u 2022. godini.<\/p>\n<div id='gallery-1' class='gallery galleryid-33736 gallery-columns-9 gallery-size-thumbnail'><figure class='gallery-item'>\n\t\t\t<div class='gallery-icon landscape'>\n\t\t\t\t<a href='https:\/\/centralmedia.rs\/index.php\/2022\/12\/14\/dan-fakulteta-pedagoskih-nauka\/markovic\/'><img loading=\"lazy\" decoding=\"async\" width=\"150\" height=\"150\" src=\"https:\/\/centralmedia.rs\/wp-content\/uploads\/2022\/12\/markovic-150x150.jpg\" class=\"attachment-thumbnail size-thumbnail\" alt=\"\" \/><\/a>\n\t\t\t<\/div><\/figure><figure class='gallery-item'>\n\t\t\t<div class='gallery-icon landscape'>\n\t\t\t\t<a href='https:\/\/centralmedia.rs\/index.php\/2022\/12\/14\/dan-fakulteta-pedagoskih-nauka\/pedagoski-4\/'><img loading=\"lazy\" decoding=\"async\" width=\"150\" height=\"150\" src=\"https:\/\/centralmedia.rs\/wp-content\/uploads\/2022\/12\/pedagoski-4-150x150.jpg\" class=\"attachment-thumbnail size-thumbnail\" alt=\"\" \/><\/a>\n\t\t\t<\/div><\/figure><figure class='gallery-item'>\n\t\t\t<div class='gallery-icon portrait'>\n\t\t\t\t<a href='https:\/\/centralmedia.rs\/index.php\/2022\/12\/14\/dan-fakulteta-pedagoskih-nauka\/pedagoski1\/'><img loading=\"lazy\" decoding=\"async\" width=\"150\" height=\"150\" src=\"https:\/\/centralmedia.rs\/wp-content\/uploads\/2022\/12\/pedagoski1-150x150.jpg\" class=\"attachment-thumbnail size-thumbnail\" alt=\"\" \/><\/a>\n\t\t\t<\/div><\/figure><figure class='gallery-item'>\n\t\t\t<div class='gallery-icon landscape'>\n\t\t\t\t<a href='https:\/\/centralmedia.rs\/index.php\/2022\/12\/14\/dan-fakulteta-pedagoskih-nauka\/pedagoski2\/'><img loading=\"lazy\" decoding=\"async\" width=\"150\" height=\"150\" src=\"https:\/\/centralmedia.rs\/wp-content\/uploads\/2022\/12\/pedagoski2-150x150.jpg\" class=\"attachment-thumbnail size-thumbnail\" alt=\"\" \/><\/a>\n\t\t\t<\/div><\/figure><figure class='gallery-item'>\n\t\t\t<div class='gallery-icon landscape'>\n\t\t\t\t<a href='https:\/\/centralmedia.rs\/index.php\/2022\/12\/14\/dan-fakulteta-pedagoskih-nauka\/pedagoski3\/'><img loading=\"lazy\" decoding=\"async\" width=\"150\" height=\"150\" src=\"https:\/\/centralmedia.rs\/wp-content\/uploads\/2022\/12\/pedagoski3-150x150.jpg\" class=\"attachment-thumbnail size-thumbnail\" alt=\"\" \/><\/a>\n\t\t\t<\/div><\/figure><figure class='gallery-item'>\n\t\t\t<div class='gallery-icon landscape'>\n\t\t\t\t<a href='https:\/\/centralmedia.rs\/index.php\/2022\/12\/14\/dan-fakulteta-pedagoskih-nauka\/pedagoski5\/'><img loading=\"lazy\" decoding=\"async\" width=\"150\" height=\"150\" src=\"https:\/\/centralmedia.rs\/wp-content\/uploads\/2022\/12\/pedagoski5-150x150.jpg\" class=\"attachment-thumbnail size-thumbnail\" alt=\"\" \/><\/a>\n\t\t\t<\/div><\/figure><figure class='gallery-item'>\n\t\t\t<div class='gallery-icon landscape'>\n\t\t\t\t<a href='https:\/\/centralmedia.rs\/index.php\/2022\/12\/14\/dan-fakulteta-pedagoskih-nauka\/pedagoski6\/'><img loading=\"lazy\" decoding=\"async\" width=\"150\" height=\"150\" src=\"https:\/\/centralmedia.rs\/wp-content\/uploads\/2022\/12\/pedagoski6-150x150.jpg\" class=\"attachment-thumbnail size-thumbnail\" alt=\"\" \/><\/a>\n\t\t\t<\/div><\/figure><figure class='gallery-item'>\n\t\t\t<div class='gallery-icon landscape'>\n\t\t\t\t<a href='https:\/\/centralmedia.rs\/index.php\/2022\/12\/14\/dan-fakulteta-pedagoskih-nauka\/pedagoski7\/'><img loading=\"lazy\" decoding=\"async\" width=\"150\" height=\"150\" src=\"https:\/\/centralmedia.rs\/wp-content\/uploads\/2022\/12\/pedagoski7-150x150.jpg\" class=\"attachment-thumbnail size-thumbnail\" alt=\"\" \/><\/a>\n\t\t\t<\/div><\/figure><figure class='gallery-item'>\n\t\t\t<div class='gallery-icon landscape'>\n\t\t\t\t<a href='https:\/\/centralmedia.rs\/index.php\/2022\/12\/14\/dan-fakulteta-pedagoskih-nauka\/popovic-3\/'><img loading=\"lazy\" decoding=\"async\" width=\"150\" height=\"150\" src=\"https:\/\/centralmedia.rs\/wp-content\/uploads\/2022\/12\/popovic-150x150.jpg\" class=\"attachment-thumbnail size-thumbnail\" alt=\"\" \/><\/a>\n\t\t\t<\/div><\/figure>\n\t\t<\/div>\n\n<p>Sve\u010dana akademija \u201eU slavu znanja\u201d povodom obele\u017eavanja 29 godina postojanja i rada Fakulteta pedago\u0161kih nauka u Jagodini odr\u017eana je u amfiteatru Fakulteta u utorak. U holu \u201eSreten Ad\u017ei\u0107\u201d sve\u010dano je otvorena izlo\u017eba najboljih studentskih likovnih ostvarenja i poklon-biblioteka prof. dr Tiodora Rosi\u0107a.<\/p>\n<p>U okviru prate\u0107eg programa ovogodi\u0161njeg obele\u017eavanja Dana Fakulteta organizovana je promocija edicije SANU \u201e\u017divot i delo srpskih nau\u010dnika\u201d, izlo\u017ebe nastavnika Fakulteta u galeriji Ginko i Univerzitetskoj galeriji u Kragujevcu, sve\u010dano je otvorena spomen-soba sa ostav\u0161tinom Sretena Ad\u017ei\u0107a i njegove \u0107erke, mati Ane, u manastiru Vra\u0107ev\u0161nica, odr\u017ean je Okrugli sto \u201eMetodi\u010dki aspekti nastave matematike\u201d i predavanje prof. dr Sne\u017eane Lorens sa Univerziteta \u201eMidlseks\u201d u Londonu.<\/p>\n<p>Sve\u010danoj proslavi prisustvovali su pomo\u0107nik ministra prosvete Aleksandar Jovi\u0107, prorektor za nau\u010dnoistra\u017eiva\u010dki rad Univerziteta u Kragujevcu prof. dr Biljana Petrovi\u0107, zamenica gradona\u010delnika Jagodine Sne\u017eana Vuka\u0161inovi\u0107, dekani i saradnici drugih fakulteta Univerziteta u Kragujevcu, predstavnici Ameri\u010dke ambasade u Beogradu, Crkvene op\u0161tine, \u0161kola i javnih ustanova sa kojima Fakultet sara\u0111uje.<\/p>\n<p>Po\u010dasna diploma \u201eNarodni u\u010ditelj\u201d za poseban doprinos razvoju obrazovanja i afirmaciju Fakulteta pripala je prof. dr Milo\u0161u Kova\u010devi\u0107u, danas nesumnjivo najproduktivnijem i nau\u010dno najuticajnijem srbisti, koji je posve\u0107en borbi za nau\u010dni dignitet srbistike i njenu popularizaciju u \u0161irokim dru\u0161tvenim krugovima i intenzivnom radu na negovanju nau\u010dnog podmlatka. Dobitnici ove po\u010dasne diplome izme\u0111u ostalih su i Dobrica Eri\u0107, Milisav Savi\u0107, Sretko Divljan, Tiodor Rosi\u0107, Vladeta Jeroti\u0107, Dragoslav Mihailovi\u0107, Pe\u0111a Trajkovi\u0107.<\/p>\n<p>Nosilac ovogodi\u0161nje po\u010dasne diplome \u201eMagister humanitas\u201d koju Fakultet dodeljuje za pedago\u0161ko delovanje i poseban doprinos razvoju kulture mladih je novinar, televizijski urednik, scenarista i voditelj Milan Popovi\u0107, autor gledanih dokumentarnih serijala na Radio-televiziji Srbije i nekoliko promotivnih filmova o na\u0161em fakultetu i studentima. Priznanje je prethodnih godina pripalo Marku \u0160eli\u0107u Mar\u010delu, Dejanu Petrovi\u0107u, Vasilu Had\u017eimanovu i Kosti Risti\u0107u, studentima Fakulteta pedago\u0161kih nauka u Jagodini i \u017denskom omladinskom rukometnom klubu \u201eJagodina\u201d.<\/p>\n<p>Na sve\u010danoj akademiji uru\u010dene su i novoustanovljene specijalne nagrade Fakulteta za nastavnike i saradnike, zahvalnice i pokloni povodom odlaska u penziju, diplome i nagrade studentima osnovih i master akademskih studija za uspeh postignut u toku studija i za najbolje studentsko likovno ostvarenje u 2022. godini.<\/p>\n<p>U umetni\u010dkom delu programa nastupili su hor i orkestar Fakulteta, izveden je segment iz predstave \u201eBedemi \u0107irilice\u201d, a scenario i konferansu pripremili su profesori Fakulteta.<\/p>\n","protected":false},"excerpt":{"rendered":"<p>JAGODINA- Povodom Dana Fakulteta pedago\u0161kih nauka u Jagodini uru\u010dene su po\u010dasne diplome \u201eNarodni u\u010ditelj\u201d za poseban doprinos razvoju obrazovanja i afirmaciju Fakulteta\u00a0 prof. dr Milo\u0161u &hellip; <\/p>\n","protected":false},"author":2,"featured_media":33737,"comment_status":"open","ping_status":"open","sticky":false,"template":"","format":"standard","meta":{"footnotes":""},"categories":[14,1524,2,1514,5643,887,12],"tags":[6085,58],"_links":{"self":[{"href":"https:\/\/centralmedia.rs\/index.php\/wp-json\/wp\/v2\/posts\/33736"}],"collection":[{"href":"https:\/\/centralmedia.rs\/index.php\/wp-json\/wp\/v2\/posts"}],"about":[{"href":"https:\/\/centralmedia.rs\/index.php\/wp-json\/wp\/v2\/types\/post"}],"author":[{"embeddable":true,"href":"https:\/\/centralmedia.rs\/index.php\/wp-json\/wp\/v2\/users\/2"}],"replies":[{"embeddable":true,"href":"https:\/\/centralmedia.rs\/index.php\/wp-json\/wp\/v2\/comments?post=33736"}],"version-history":[{"count":3,"href":"https:\/\/centralmedia.rs\/index.php\/wp-json\/wp\/v2\/posts\/33736\/revisions"}],"predecessor-version":[{"id":33749,"href":"https:\/\/centralmedia.rs\/index.php\/wp-json\/wp\/v2\/posts\/33736\/revisions\/33749"}],"wp:featuredmedia":[{"embeddable":true,"href":"https:\/\/centralmedia.rs\/index.php\/wp-json\/wp\/v2\/media\/33737"}],"wp:attachment":[{"href":"https:\/\/centralmedia.rs\/index.php\/wp-json\/wp\/v2\/media?parent=33736"}],"wp:term":[{"taxonomy":"category","embeddable":true,"href":"https:\/\/centralmedia.rs\/index.php\/wp-json\/wp\/v2\/categories?post=33736"},{"taxonomy":"post_tag","embeddable":true,"href":"https:\/\/centralmedia.rs\/index.php\/wp-json\/wp\/v2\/tags?post=33736"}],"curies":[{"name":"wp","href":"https:\/\/api.w.org\/{rel}","templated":true}]}}