{"id":33759,"date":"2022-12-15T15:01:29","date_gmt":"2022-12-15T14:01:29","guid":{"rendered":"http:\/\/centralmedia.rs\/?p=33759"},"modified":"2022-12-21T23:42:47","modified_gmt":"2022-12-21T22:42:47","slug":"prvi-novogodisnji-koncert-srpskih-studenata-u-becu","status":"publish","type":"post","link":"https:\/\/centralmedia.rs\/index.php\/2022\/12\/15\/prvi-novogodisnji-koncert-srpskih-studenata-u-becu\/","title":{"rendered":"PRVI NOVOGODI\u0160NJI KONCERT SRPSKIH STUDENATA U BE\u010cU"},"content":{"rendered":"<p>U organizaciji srpskih studenata \u2013 OSSI u Be\u010du je odr\u017ean prvi Novogodi\u0161nji koncert \u00a0,,OSSI-Be\u010d orkestra\u201c u dvorani Kaisersaal u sedmom be\u010dkom okrugu.<\/p>\n<div id='gallery-1' class='gallery galleryid-33759 gallery-columns-5 gallery-size-thumbnail'><figure class='gallery-item'>\n\t\t\t<div class='gallery-icon landscape'>\n\t\t\t\t<a href='https:\/\/centralmedia.rs\/index.php\/2022\/12\/15\/prvi-novogodisnji-koncert-srpskih-studenata-u-becu\/dsc_4063\/'><img loading=\"lazy\" decoding=\"async\" width=\"150\" height=\"150\" src=\"https:\/\/centralmedia.rs\/wp-content\/uploads\/2022\/12\/DSC_4063-150x150.jpg\" class=\"attachment-thumbnail size-thumbnail\" alt=\"\" \/><\/a>\n\t\t\t<\/div><\/figure><figure class='gallery-item'>\n\t\t\t<div class='gallery-icon landscape'>\n\t\t\t\t<a href='https:\/\/centralmedia.rs\/index.php\/2022\/12\/15\/prvi-novogodisnji-koncert-srpskih-studenata-u-becu\/dsc_4127\/'><img loading=\"lazy\" decoding=\"async\" width=\"150\" height=\"150\" src=\"https:\/\/centralmedia.rs\/wp-content\/uploads\/2022\/12\/DSC_4127-150x150.jpg\" class=\"attachment-thumbnail size-thumbnail\" alt=\"\" \/><\/a>\n\t\t\t<\/div><\/figure><figure class='gallery-item'>\n\t\t\t<div class='gallery-icon landscape'>\n\t\t\t\t<a href='https:\/\/centralmedia.rs\/index.php\/2022\/12\/15\/prvi-novogodisnji-koncert-srpskih-studenata-u-becu\/dsc_4139\/'><img loading=\"lazy\" decoding=\"async\" width=\"150\" height=\"150\" src=\"https:\/\/centralmedia.rs\/wp-content\/uploads\/2022\/12\/DSC_4139-150x150.jpg\" class=\"attachment-thumbnail size-thumbnail\" alt=\"\" \/><\/a>\n\t\t\t<\/div><\/figure><figure class='gallery-item'>\n\t\t\t<div class='gallery-icon landscape'>\n\t\t\t\t<a href='https:\/\/centralmedia.rs\/index.php\/2022\/12\/15\/prvi-novogodisnji-koncert-srpskih-studenata-u-becu\/dsc_41612\/'><img loading=\"lazy\" decoding=\"async\" width=\"150\" height=\"150\" src=\"https:\/\/centralmedia.rs\/wp-content\/uploads\/2022\/12\/DSC_41612-150x150.jpg\" class=\"attachment-thumbnail size-thumbnail\" alt=\"\" \/><\/a>\n\t\t\t<\/div><\/figure><figure class='gallery-item'>\n\t\t\t<div class='gallery-icon landscape'>\n\t\t\t\t<a href='https:\/\/centralmedia.rs\/index.php\/2022\/12\/15\/prvi-novogodisnji-koncert-srpskih-studenata-u-becu\/dsc_4181\/'><img loading=\"lazy\" decoding=\"async\" width=\"150\" height=\"150\" src=\"https:\/\/centralmedia.rs\/wp-content\/uploads\/2022\/12\/DSC_4181-150x150.jpg\" class=\"attachment-thumbnail size-thumbnail\" alt=\"\" \/><\/a>\n\t\t\t<\/div><\/figure>\n\t\t<\/div>\n\n<p>Nakon uspe\u0161nog koncerta klasi\u010dne muzike koji je simboli\u010dno odr\u017ean 28. juna 2022. godine povodom zavr\u0161etka akademske godine 2021\/2022, ,,OSSI-Be\u010d orkestar\u201c je u subotu 10. decembra uprili\u010dio svoj prvi Novogodi\u0161nji koncert. Ovog puta su zvuke klasi\u010dne i tradicionalne muzike dodatno ulep\u0161ali specijalni gosti iznena\u0111enja ,,Aurora saksofon kvartet&#8221;.<\/p>\n<p>Organizacija srpskih studenata u inostranstvu \u2013 Be\u010d (OSSI-Be\u010d) od letnjeg semestra akademske godine 2021\/2022 okuplja talentovane mlade muzi\u010dare srpskog porekla koji \u010dine OSSI-Be\u010d me\u0161oviti orkestar. Orkestar trenutno broji 20 talentovanih mladi\u0107a i devojaka, \u0161to ga trenutno \u010dini verovatno najve\u0107im srpskim studentskim orkestrom i dijaspori.<\/p>\n<p>Doga\u0111aju su prisustvovali predstavnici Ambasade Republike Srbije u Austriji, direktor Predstavni\u0161tva Republike Srpske u Austriji, dugogodi\u0161nji prijatelji i saradnici organizacije, kao i mnogobrojna publika. Gostima su se na po\u010detku programa obratili predsednik organizacije Slavi\u0161a Bo\u0161kovi\u0107 i potpredsednica Tamara Petrakovi\u0107, koji su nazna\u010dili va\u017enost postojanja orkestra sprskih studenata u Be\u010du.<\/p>\n<p>Iz Organizacije srpskih studenata u inostranstvu \u2013 Be\u010d (OSSI-Be\u010d) su naglasili da se nadaju da je ovo po\u010detak dobre tradicije okupljanja na\u0161ih talentovanih mladih muzi\u010dara u dijaspori, koji svojom umetno\u0161\u0107u na najlep\u0161i na\u010din predstavljaju zajednicu srpskih studenata u Be\u010du, ali i maticu.<\/p>\n<p>Treba napomenuti da je ova kalendarska godina za OSSI-Be\u010d bila izuzetno uspe\u0161na. Pored pomenuta dva koncerta organizacija je za svoje \u010dlanove priredila trodnevnu studentsku ekskurziju u Pragu, redovna studentska dru\u017eenja tokom cele godine, te niz kulturnih i obrazovnih de\u0161avanja, kao \u0161to su knji\u017eevne ve\u010deri, istorijske \u0161etnje, pravno-istorijska predavanja i sli\u010dno. Ova organizacija ve\u0107 12 godina okuplja na\u0161e studente u Be\u010du, nudi sveobuhvatnu podr\u0161ku za vreme studija, te na najbolji na\u010din vodi borbu za pobolj\u0161anje uslova studiranja u Austriji.<\/p>\n","protected":false},"excerpt":{"rendered":"<p>U organizaciji srpskih studenata \u2013 OSSI u Be\u010du je odr\u017ean prvi Novogodi\u0161nji koncert \u00a0,,OSSI-Be\u010d orkestra\u201c u dvorani Kaisersaal u sedmom be\u010dkom okrugu. Nakon uspe\u0161nog koncerta &hellip; <\/p>\n","protected":false},"author":2,"featured_media":33760,"comment_status":"open","ping_status":"open","sticky":false,"template":"","format":"standard","meta":{"footnotes":""},"categories":[2,15,12],"tags":[209,6090,6088,6089],"_links":{"self":[{"href":"https:\/\/centralmedia.rs\/index.php\/wp-json\/wp\/v2\/posts\/33759"}],"collection":[{"href":"https:\/\/centralmedia.rs\/index.php\/wp-json\/wp\/v2\/posts"}],"about":[{"href":"https:\/\/centralmedia.rs\/index.php\/wp-json\/wp\/v2\/types\/post"}],"author":[{"embeddable":true,"href":"https:\/\/centralmedia.rs\/index.php\/wp-json\/wp\/v2\/users\/2"}],"replies":[{"embeddable":true,"href":"https:\/\/centralmedia.rs\/index.php\/wp-json\/wp\/v2\/comments?post=33759"}],"version-history":[{"count":2,"href":"https:\/\/centralmedia.rs\/index.php\/wp-json\/wp\/v2\/posts\/33759\/revisions"}],"predecessor-version":[{"id":33773,"href":"https:\/\/centralmedia.rs\/index.php\/wp-json\/wp\/v2\/posts\/33759\/revisions\/33773"}],"wp:featuredmedia":[{"embeddable":true,"href":"https:\/\/centralmedia.rs\/index.php\/wp-json\/wp\/v2\/media\/33760"}],"wp:attachment":[{"href":"https:\/\/centralmedia.rs\/index.php\/wp-json\/wp\/v2\/media?parent=33759"}],"wp:term":[{"taxonomy":"category","embeddable":true,"href":"https:\/\/centralmedia.rs\/index.php\/wp-json\/wp\/v2\/categories?post=33759"},{"taxonomy":"post_tag","embeddable":true,"href":"https:\/\/centralmedia.rs\/index.php\/wp-json\/wp\/v2\/tags?post=33759"}],"curies":[{"name":"wp","href":"https:\/\/api.w.org\/{rel}","templated":true}]}}