{"id":33766,"date":"2022-12-15T15:31:46","date_gmt":"2022-12-15T14:31:46","guid":{"rendered":"http:\/\/centralmedia.rs\/?p=33766"},"modified":"2022-12-27T12:57:45","modified_gmt":"2022-12-27T11:57:45","slug":"novogodisnja-carolija-u-jagodini","status":"publish","type":"post","link":"https:\/\/centralmedia.rs\/index.php\/2022\/12\/15\/novogodisnja-carolija-u-jagodini\/","title":{"rendered":"NOVOGODI\u0160NJA \u010cAROLIJA U JAGODINI"},"content":{"rendered":"<p>JAGODINA- Umesto tradicionalnih skupih novogodi\u0161njih koncerata, lokalna samouprava u Jagodini odlu\u010dila je da do\u010dek Nove 2023. godine posveti deci i porodici. Centralni program odvija\u0107e se na gradskom trgu u Jagodini u petak, 30. decembra od 12. do 19. \u010dasova, u prisustvu mnogobrojnih animatora, Deda Mraza, poklona, klovnova, \u0161tula\u0161a, igra\u010da i peva\u010da, kao i uz niz atraktivnih novogodi\u0161njih iznena\u0111enja.<\/p>\n<p>-Predvidjeno je da program na gradskom trgu traje od 28.decembra do Srpske Nove godine. Na trgu \u0107e biti postavljena mala bina ka kojoj \u0107e skoro svakog dana nastupati lokalne muzi\u010dke grupe u popodnevnom terminu. Centralni de\u010diji program sa animatorima je 30. decembra u 12 sati. Cela ova manifestacija zavr\u0161i\u0107e se jednim lepim,velikim koncertom za Srpsku Novu godinu. Na trgu \u0107e biti postavljena velika jelka i desetak unikatnih ku\u0107ica za izlaganje i prodaju robe vezane za praznike, saop\u0161teno je iz Jase<\/p>\n<p>Kulturni centar poziva sve sugra\u0111ane, bez obzira da li su iz sela ili iz grada, da 30. decembra od 12. sati budu deo novogodi\u0161nje \u010darolije na gradskom trgu, doga\u0111aju za pam\u0107enje.<\/p>\n<p>Narednih dana i nedelja, lagano \u0107emo zagrevati novogodi\u0161nju atmosferu, kako bi kulminacija na trgu 30. decembra bila nezaboravna i kako bismo iz Jagodine poslali slike koje \u0107e podsta\u0107i i druge gradove da se posvete osnovnim vrednostima dru\u0161tva u kome \u017eivimo, ka\u017eu u KC.<\/p>\n<p>Organizator \u201eJagodinske novogodi\u0161nje \u010darolije\u201d \u00a0je Kulturni centar, za uredjenje prostora zadu\u017een je Jagodinski sportski savez. Pokrovitelj manifestacije je Gradska uprava Jagodina.<\/p>\n","protected":false},"excerpt":{"rendered":"<p>JAGODINA- Umesto tradicionalnih skupih novogodi\u0161njih koncerata, lokalna samouprava u Jagodini odlu\u010dila je da do\u010dek Nove 2023. godine posveti deci i porodici. Centralni program odvija\u0107e se &hellip; <\/p>\n","protected":false},"author":2,"featured_media":33767,"comment_status":"open","ping_status":"open","sticky":false,"template":"","format":"standard","meta":{"footnotes":""},"categories":[1524,2,5643,1514,23,887,3055],"tags":[2549,6091,355,3591],"_links":{"self":[{"href":"https:\/\/centralmedia.rs\/index.php\/wp-json\/wp\/v2\/posts\/33766"}],"collection":[{"href":"https:\/\/centralmedia.rs\/index.php\/wp-json\/wp\/v2\/posts"}],"about":[{"href":"https:\/\/centralmedia.rs\/index.php\/wp-json\/wp\/v2\/types\/post"}],"author":[{"embeddable":true,"href":"https:\/\/centralmedia.rs\/index.php\/wp-json\/wp\/v2\/users\/2"}],"replies":[{"embeddable":true,"href":"https:\/\/centralmedia.rs\/index.php\/wp-json\/wp\/v2\/comments?post=33766"}],"version-history":[{"count":1,"href":"https:\/\/centralmedia.rs\/index.php\/wp-json\/wp\/v2\/posts\/33766\/revisions"}],"predecessor-version":[{"id":33768,"href":"https:\/\/centralmedia.rs\/index.php\/wp-json\/wp\/v2\/posts\/33766\/revisions\/33768"}],"wp:featuredmedia":[{"embeddable":true,"href":"https:\/\/centralmedia.rs\/index.php\/wp-json\/wp\/v2\/media\/33767"}],"wp:attachment":[{"href":"https:\/\/centralmedia.rs\/index.php\/wp-json\/wp\/v2\/media?parent=33766"}],"wp:term":[{"taxonomy":"category","embeddable":true,"href":"https:\/\/centralmedia.rs\/index.php\/wp-json\/wp\/v2\/categories?post=33766"},{"taxonomy":"post_tag","embeddable":true,"href":"https:\/\/centralmedia.rs\/index.php\/wp-json\/wp\/v2\/tags?post=33766"}],"curies":[{"name":"wp","href":"https:\/\/api.w.org\/{rel}","templated":true}]}}