{"id":3378,"date":"2016-06-13T10:35:10","date_gmt":"2016-06-13T10:35:10","guid":{"rendered":"http:\/\/centralmedia.rs\/?p=3378"},"modified":"2016-06-13T10:35:10","modified_gmt":"2016-06-13T10:35:10","slug":"preminuo-na-klupi-u-centru-jagodine","status":"publish","type":"post","link":"https:\/\/centralmedia.rs\/index.php\/2016\/06\/13\/preminuo-na-klupi-u-centru-jagodine\/","title":{"rendered":"PREMINUO NA KLUPI U CENTRU JAGODINE"},"content":{"rendered":"<p>JAGODINA-Na klupi ispred Kulturnog centra u Jagodini preminuo je \u0161ezdesetogodi\u0161njaka iz obli\u017eeg sela Dragocvet. Prema re\u010dima o\u010devidaca \u010dovek je seo na klupu oko 11 sati, najverovatnije da malo odmori, nije tra\u017eio pomo\u0107, a slede\u0107eg trenutka je pao sa klupe. Prolaznici su mu pritekli u pomo\u0107, ali on nije davao znake \u017eivota. Lekari i ve\u0161taci \u0107e utvrditi uzorok smrti, a prema prvim indicijama re\u010d je o prirodnoj smrti. <\/p>\n","protected":false},"excerpt":{"rendered":"<p>JAGODINA-Na klupi ispred Kulturnog centra u Jagodini preminuo je \u0161ezdesetogodi\u0161njaka iz obli\u017eeg sela Dragocvet. Prema re\u010dima o\u010devidaca \u010dovek je seo na klupu oko 11 sati, &hellip; <\/p>\n","protected":false},"author":4,"featured_media":3379,"comment_status":"open","ping_status":"open","sticky":false,"template":"","format":"standard","meta":{"footnotes":""},"categories":[20,2,12],"tags":[318,58,876],"_links":{"self":[{"href":"https:\/\/centralmedia.rs\/index.php\/wp-json\/wp\/v2\/posts\/3378"}],"collection":[{"href":"https:\/\/centralmedia.rs\/index.php\/wp-json\/wp\/v2\/posts"}],"about":[{"href":"https:\/\/centralmedia.rs\/index.php\/wp-json\/wp\/v2\/types\/post"}],"author":[{"embeddable":true,"href":"https:\/\/centralmedia.rs\/index.php\/wp-json\/wp\/v2\/users\/4"}],"replies":[{"embeddable":true,"href":"https:\/\/centralmedia.rs\/index.php\/wp-json\/wp\/v2\/comments?post=3378"}],"version-history":[{"count":0,"href":"https:\/\/centralmedia.rs\/index.php\/wp-json\/wp\/v2\/posts\/3378\/revisions"}],"wp:featuredmedia":[{"embeddable":true,"href":"https:\/\/centralmedia.rs\/index.php\/wp-json\/wp\/v2\/media\/3379"}],"wp:attachment":[{"href":"https:\/\/centralmedia.rs\/index.php\/wp-json\/wp\/v2\/media?parent=3378"}],"wp:term":[{"taxonomy":"category","embeddable":true,"href":"https:\/\/centralmedia.rs\/index.php\/wp-json\/wp\/v2\/categories?post=3378"},{"taxonomy":"post_tag","embeddable":true,"href":"https:\/\/centralmedia.rs\/index.php\/wp-json\/wp\/v2\/tags?post=3378"}],"curies":[{"name":"wp","href":"https:\/\/api.w.org\/{rel}","templated":true}]}}