{"id":33805,"date":"2022-12-18T16:45:32","date_gmt":"2022-12-18T15:45:32","guid":{"rendered":"http:\/\/centralmedia.rs\/?p=33805"},"modified":"2022-12-27T12:50:55","modified_gmt":"2022-12-27T11:50:55","slug":"bunt-prava-srbija-obelezila-pet-godina-postojanja","status":"publish","type":"post","link":"https:\/\/centralmedia.rs\/index.php\/2022\/12\/18\/bunt-prava-srbija-obelezila-pet-godina-postojanja\/","title":{"rendered":"BUNT &#8211; PRAVA SRBIJA OBELE\u017dILA PET GODINA POSTOJANjA"},"content":{"rendered":"<p>JAGODINA- Bunt &#8211; Prava Srbija obele\u017eila pet godina rada. Petom\u00a0 ro\u0111endanu prisustvovali su brojni gosti, kao i funkcioneri Bunta Prave Srbije. Prisutnim gostima obratio se predsednik te politi\u010dke organizacije Du\u0161an Markovi\u0107.<\/p>\n<p>-Pre pet godina kada smo krenuli u osnivanje Bunta Prave Srbije, odnosno tada neformalne grupe BUNT, imali smo samo jedan cilj. Zavetovali smo se na Svetosavski put, zavetovali smo se na dela. Pomagali smo svima kada je to bilo potrebno i uvek neumorno sa istim ciljem i na\u0161im motom: &#8220;Dela, a ne suvoparne re\u010di!&#8221; Velika mi je \u010dast \u0161to su danas sa nama na\u0161i profesori, doktori i na\u0161i dragi prijatelji iz srodnih organizacija, a posebno se radujem \u0161to ro\u0111endan proslavljam sa onim saborcima koji su ovu na\u0161u ideju nosili i nose na svojim ple\u0107ima. Predstoji nam velika borba na predstoje\u0107im lokalnim izborima koji nas o\u010dekuju, a koji \u0107e biti prekretnica u na\u0161em daljem radu. Mi nemamo ni malo straha i spremni smo za izbore koji nam predstoje, a u prilog tome ide \u010dinjenica da nismo kao ostale politi\u010dke partije koje su sa narodom samo u kampanji. Za nas je kampanja po\u010dela pre pet godina kada smo nastali i ona traje i danas. Mi smo konstantno na terenu sa narodom koji tu na\u0161u po\u017ertvovanost ceni i po\u0161tuje i koji \u0107e nas na predstoje\u0107im izborima sa olovkom u ruci uvesti ponovo u Skup\u0161tinu Grada, ako da Bog i u vlast, a mi \u0107emo nakon ulaska i dalje biti na terenu sa narodom jer je to na\u0161a du\u017enost i obaveza. Ono \u0161to poru\u010dujemo sa ovog mesta jeste da kre\u0107emo u borbu za osvajanje vlasti i niko nas sa tog puta ne\u0107e odvratiti. Zato sestre i bra\u0107o moja, neka nam je sa sre\u0107om predstoje\u0107a borba, poru\u010dioje on.<\/p>\n","protected":false},"excerpt":{"rendered":"<p>JAGODINA- Bunt &#8211; Prava Srbija obele\u017eila pet godina rada. Petom\u00a0 ro\u0111endanu prisustvovali su brojni gosti, kao i funkcioneri Bunta Prave Srbije. Prisutnim gostima obratio se &hellip; <\/p>\n","protected":false},"author":2,"featured_media":33806,"comment_status":"open","ping_status":"open","sticky":false,"template":"","format":"standard","meta":{"footnotes":""},"categories":[1524,2,1514,5643,13,887,12],"tags":[6097,58,6098],"_links":{"self":[{"href":"https:\/\/centralmedia.rs\/index.php\/wp-json\/wp\/v2\/posts\/33805"}],"collection":[{"href":"https:\/\/centralmedia.rs\/index.php\/wp-json\/wp\/v2\/posts"}],"about":[{"href":"https:\/\/centralmedia.rs\/index.php\/wp-json\/wp\/v2\/types\/post"}],"author":[{"embeddable":true,"href":"https:\/\/centralmedia.rs\/index.php\/wp-json\/wp\/v2\/users\/2"}],"replies":[{"embeddable":true,"href":"https:\/\/centralmedia.rs\/index.php\/wp-json\/wp\/v2\/comments?post=33805"}],"version-history":[{"count":1,"href":"https:\/\/centralmedia.rs\/index.php\/wp-json\/wp\/v2\/posts\/33805\/revisions"}],"predecessor-version":[{"id":33807,"href":"https:\/\/centralmedia.rs\/index.php\/wp-json\/wp\/v2\/posts\/33805\/revisions\/33807"}],"wp:featuredmedia":[{"embeddable":true,"href":"https:\/\/centralmedia.rs\/index.php\/wp-json\/wp\/v2\/media\/33806"}],"wp:attachment":[{"href":"https:\/\/centralmedia.rs\/index.php\/wp-json\/wp\/v2\/media?parent=33805"}],"wp:term":[{"taxonomy":"category","embeddable":true,"href":"https:\/\/centralmedia.rs\/index.php\/wp-json\/wp\/v2\/categories?post=33805"},{"taxonomy":"post_tag","embeddable":true,"href":"https:\/\/centralmedia.rs\/index.php\/wp-json\/wp\/v2\/tags?post=33805"}],"curies":[{"name":"wp","href":"https:\/\/api.w.org\/{rel}","templated":true}]}}