{"id":3381,"date":"2016-06-13T13:05:57","date_gmt":"2016-06-13T13:05:57","guid":{"rendered":"http:\/\/centralmedia.rs\/?p=3381"},"modified":"2016-06-13T13:05:57","modified_gmt":"2016-06-13T13:05:57","slug":"zapaljen-porse-u-modesti","status":"publish","type":"post","link":"https:\/\/centralmedia.rs\/index.php\/2016\/06\/13\/zapaljen-porse-u-modesti\/","title":{"rendered":"ZAPALJEN POR\u0160E U MODESTI"},"content":{"rendered":"<p>JAGODINA-Na automobilu marke por\u0161e dogodio se po\u017ear u fabrici name\u0161taja Modesta u Jagodini, saop\u0161teno je iz Operativnog centra MUO Srbije. Po\u017ear je lokalizovan, nije se preneo na duge objekte, nije bilo povre\u0111enih lica.<\/p>\n","protected":false},"excerpt":{"rendered":"<p>JAGODINA-Na automobilu marke por\u0161e dogodio se po\u017ear u fabrici name\u0161taja Modesta u Jagodini, saop\u0161teno je iz Operativnog centra MUO Srbije. Po\u017ear je lokalizovan, nije se &hellip; <\/p>\n","protected":false},"author":4,"featured_media":3382,"comment_status":"open","ping_status":"open","sticky":false,"template":"","format":"standard","meta":{"footnotes":""},"categories":[20,2,12],"tags":[878,58,877],"_links":{"self":[{"href":"https:\/\/centralmedia.rs\/index.php\/wp-json\/wp\/v2\/posts\/3381"}],"collection":[{"href":"https:\/\/centralmedia.rs\/index.php\/wp-json\/wp\/v2\/posts"}],"about":[{"href":"https:\/\/centralmedia.rs\/index.php\/wp-json\/wp\/v2\/types\/post"}],"author":[{"embeddable":true,"href":"https:\/\/centralmedia.rs\/index.php\/wp-json\/wp\/v2\/users\/4"}],"replies":[{"embeddable":true,"href":"https:\/\/centralmedia.rs\/index.php\/wp-json\/wp\/v2\/comments?post=3381"}],"version-history":[{"count":0,"href":"https:\/\/centralmedia.rs\/index.php\/wp-json\/wp\/v2\/posts\/3381\/revisions"}],"wp:featuredmedia":[{"embeddable":true,"href":"https:\/\/centralmedia.rs\/index.php\/wp-json\/wp\/v2\/media\/3382"}],"wp:attachment":[{"href":"https:\/\/centralmedia.rs\/index.php\/wp-json\/wp\/v2\/media?parent=3381"}],"wp:term":[{"taxonomy":"category","embeddable":true,"href":"https:\/\/centralmedia.rs\/index.php\/wp-json\/wp\/v2\/categories?post=3381"},{"taxonomy":"post_tag","embeddable":true,"href":"https:\/\/centralmedia.rs\/index.php\/wp-json\/wp\/v2\/tags?post=3381"}],"curies":[{"name":"wp","href":"https:\/\/api.w.org\/{rel}","templated":true}]}}