{"id":33819,"date":"2022-12-23T19:57:37","date_gmt":"2022-12-23T18:57:37","guid":{"rendered":"http:\/\/centralmedia.rs\/?p=33819"},"modified":"2022-12-27T12:50:29","modified_gmt":"2022-12-27T11:50:29","slug":"daniciceva-okretnica-u-svilajncu","status":"publish","type":"post","link":"https:\/\/centralmedia.rs\/index.php\/2022\/12\/23\/daniciceva-okretnica-u-svilajncu\/","title":{"rendered":"DANI\u010cI\u0106EVA \u201cOKRETNICA\u201d U SVILAJNCU"},"content":{"rendered":"<p>SVILAJNAC-Resavska biblioteka u Svilajncu je priredila ve\u010de poezije pesnika Darka Dani\u010di\u0107a (1961), i promociju njegovog poslednjeg izdanja \u201eOkretnica\u201c. Darko Dani\u010di\u0107 je dr rudarsko-geolo\u0161kih nauka iz Lazarevca, autor \u0161est knjiga poezije, kao i brojnih kritika objavljenih u knji\u017eevnim \u010dasopisima.<\/p>\n<div id='gallery-1' class='gallery galleryid-33819 gallery-columns-9 gallery-size-thumbnail'><figure class='gallery-item'>\n\t\t\t<div class='gallery-icon portrait'>\n\t\t\t\t<a href='https:\/\/centralmedia.rs\/index.php\/2022\/12\/23\/daniciceva-okretnica-u-svilajncu\/biblioteka-svilajnac-1\/'><img loading=\"lazy\" decoding=\"async\" width=\"150\" height=\"150\" src=\"https:\/\/centralmedia.rs\/wp-content\/uploads\/2022\/12\/biblioteka-svilajnac-1-150x150.jpg\" class=\"attachment-thumbnail size-thumbnail\" alt=\"\" \/><\/a>\n\t\t\t<\/div><\/figure><figure class='gallery-item'>\n\t\t\t<div class='gallery-icon portrait'>\n\t\t\t\t<a href='https:\/\/centralmedia.rs\/index.php\/2022\/12\/23\/daniciceva-okretnica-u-svilajncu\/biblioteka-svilajnac-2\/'><img loading=\"lazy\" decoding=\"async\" width=\"150\" height=\"150\" src=\"https:\/\/centralmedia.rs\/wp-content\/uploads\/2022\/12\/biblioteka-svilajnac-2-150x150.jpg\" class=\"attachment-thumbnail size-thumbnail\" alt=\"\" \/><\/a>\n\t\t\t<\/div><\/figure><figure class='gallery-item'>\n\t\t\t<div class='gallery-icon landscape'>\n\t\t\t\t<a href='https:\/\/centralmedia.rs\/index.php\/2022\/12\/23\/daniciceva-okretnica-u-svilajncu\/biblioteka-svilajnac-3\/'><img loading=\"lazy\" decoding=\"async\" width=\"150\" height=\"150\" src=\"https:\/\/centralmedia.rs\/wp-content\/uploads\/2022\/12\/biblioteka-svilajnac-3-150x150.jpg\" class=\"attachment-thumbnail size-thumbnail\" alt=\"\" \/><\/a>\n\t\t\t<\/div><\/figure><figure class='gallery-item'>\n\t\t\t<div class='gallery-icon portrait'>\n\t\t\t\t<a href='https:\/\/centralmedia.rs\/index.php\/2022\/12\/23\/daniciceva-okretnica-u-svilajncu\/biblioteka-svilajnac-4\/'><img loading=\"lazy\" decoding=\"async\" width=\"150\" height=\"150\" src=\"https:\/\/centralmedia.rs\/wp-content\/uploads\/2022\/12\/biblioteka-svilajnac-4-150x150.jpg\" class=\"attachment-thumbnail size-thumbnail\" alt=\"\" \/><\/a>\n\t\t\t<\/div><\/figure><figure class='gallery-item'>\n\t\t\t<div class='gallery-icon portrait'>\n\t\t\t\t<a href='https:\/\/centralmedia.rs\/index.php\/2022\/12\/23\/daniciceva-okretnica-u-svilajncu\/biblioteka-svilajnac-5\/'><img loading=\"lazy\" decoding=\"async\" width=\"150\" height=\"150\" src=\"https:\/\/centralmedia.rs\/wp-content\/uploads\/2022\/12\/biblioteka-svilajnac-5-150x150.jpg\" class=\"attachment-thumbnail size-thumbnail\" alt=\"\" \/><\/a>\n\t\t\t<\/div><\/figure><figure class='gallery-item'>\n\t\t\t<div class='gallery-icon portrait'>\n\t\t\t\t<a href='https:\/\/centralmedia.rs\/index.php\/2022\/12\/23\/daniciceva-okretnica-u-svilajncu\/biblioteka-svilajnac-6\/'><img loading=\"lazy\" decoding=\"async\" width=\"150\" height=\"150\" src=\"https:\/\/centralmedia.rs\/wp-content\/uploads\/2022\/12\/biblioteka-svilajnac-6-150x150.jpg\" class=\"attachment-thumbnail size-thumbnail\" alt=\"\" \/><\/a>\n\t\t\t<\/div><\/figure><figure class='gallery-item'>\n\t\t\t<div class='gallery-icon portrait'>\n\t\t\t\t<a href='https:\/\/centralmedia.rs\/index.php\/2022\/12\/23\/daniciceva-okretnica-u-svilajncu\/biblioteka-svilajnac-8\/'><img loading=\"lazy\" decoding=\"async\" width=\"150\" height=\"150\" src=\"https:\/\/centralmedia.rs\/wp-content\/uploads\/2022\/12\/biblioteka-svilajnac-8-150x150.jpg\" class=\"attachment-thumbnail size-thumbnail\" alt=\"\" \/><\/a>\n\t\t\t<\/div><\/figure><figure class='gallery-item'>\n\t\t\t<div class='gallery-icon portrait'>\n\t\t\t\t<a href='https:\/\/centralmedia.rs\/index.php\/2022\/12\/23\/daniciceva-okretnica-u-svilajncu\/biblioteka-svilajnac-9\/'><img loading=\"lazy\" decoding=\"async\" width=\"150\" height=\"150\" src=\"https:\/\/centralmedia.rs\/wp-content\/uploads\/2022\/12\/biblioteka-svilajnac-9-150x150.jpg\" class=\"attachment-thumbnail size-thumbnail\" alt=\"\" \/><\/a>\n\t\t\t<\/div><\/figure><figure class='gallery-item'>\n\t\t\t<div class='gallery-icon portrait'>\n\t\t\t\t<a href='https:\/\/centralmedia.rs\/index.php\/2022\/12\/23\/daniciceva-okretnica-u-svilajncu\/biblioteka-svilajnac-10\/'><img loading=\"lazy\" decoding=\"async\" width=\"150\" height=\"150\" src=\"https:\/\/centralmedia.rs\/wp-content\/uploads\/2022\/12\/biblioteka-svilajnac-10-150x150.jpg\" class=\"attachment-thumbnail size-thumbnail\" alt=\"\" \/><\/a>\n\t\t\t<\/div><\/figure>\n\t\t<\/div>\n\n<p>Uvodni\u010dar ove ve\u010deri\u00a0 Dejan Aleksi\u0107, knji\u017eevnik, glavni i odgovorni urednik\u00a0 \u201cPovelje\u201d (\u010dasopis i izdava\u010dka delatnosti Narodne biblioteke \u201cStefan Prvoven\u010dani\u201d u Kraljevu) prisutne je upoznao sa te\u017enjom izdava\u010da da u svojoj ediciji \u201cPovelja\u201d objavljuje savremenu srpsku poeziju pesnika svih generacija. Me\u0111u njima zna\u010dajno mesto pripada Darku Dani\u010di\u0107u, srpskom pesniku srednje generacije. Istakao je da je ovo ve\u0107 tre\u0107a Dani\u010di\u0107eva zbirka objavljena u znamenitoj kraljeva\u010dkoj ediciji. U daljem obra\u0107anju publici Aleksi\u0107 je predo\u010dio osnovne osobenosti Dani\u010di\u0107eve poetike\u00a0 potkrepljuju\u0107i svoje tvrdnje stihovima i pesmama iz zbirke.<\/p>\n<p>Mileta A\u0107imovi\u0107 Ivkov, knji\u017eevni kriti\u010dar, u svom izlaganju sa velikom erudicijom, u govoru emotivnog naboja, sa nizom asocijacija na velike evropske pesnike, ukazao je na misao, ono \u201ciza\u201d \u0161to u sebi krije naoko jednostavna i jasna Dani\u010di\u0107eva poezija. Poseban utisak u izlaganju A\u0107imovi\u0107a Ivkova\u00a0 na sve prisutne je ostavio nadahnuti odgovor da poeziju upravo treba \u010ditati danas, ba\u0161 u ovo brzo vreme tehnologija, zbog njenog vanvremenskog zna\u010daj koji sve ostalo nadilazi.<\/p>\n<p>Pesnik Darko Dani\u010di\u0107 se publici obra\u0107ao svojim \u201coru\u017ejem\u201d pesmom i stihom u nekoliko navrata tokom ve\u010deri. Publika je slu\u0161ala sa izuzetnom pa\u017enjom i zanimanjem, a uzvici odobravanja i \u010desti aplauzima samo su bili na\u010din da iska\u017ee svoje razumevanje i odobravanje. Dani\u010di\u0107evo ve\u010de poezije i njegova \u201cOkretnica\u201d\u00a0 za brojnu svilajna\u010dku publiku osta\u0107e upam\u0107eni kao nezaboravan knji\u017eevni doga\u0111aj.<\/p>\n","protected":false},"excerpt":{"rendered":"<p>SVILAJNAC-Resavska biblioteka u Svilajncu je priredila ve\u010de poezije pesnika Darka Dani\u010di\u0107a (1961), i promociju njegovog poslednjeg izdanja \u201eOkretnica\u201c. Darko Dani\u010di\u0107 je dr rudarsko-geolo\u0161kih nauka iz &hellip; <\/p>\n","protected":false},"author":2,"featured_media":33820,"comment_status":"open","ping_status":"open","sticky":false,"template":"","format":"standard","meta":{"footnotes":""},"categories":[1524,2,15,887,12,5785,1517],"tags":[879,38],"_links":{"self":[{"href":"https:\/\/centralmedia.rs\/index.php\/wp-json\/wp\/v2\/posts\/33819"}],"collection":[{"href":"https:\/\/centralmedia.rs\/index.php\/wp-json\/wp\/v2\/posts"}],"about":[{"href":"https:\/\/centralmedia.rs\/index.php\/wp-json\/wp\/v2\/types\/post"}],"author":[{"embeddable":true,"href":"https:\/\/centralmedia.rs\/index.php\/wp-json\/wp\/v2\/users\/2"}],"replies":[{"embeddable":true,"href":"https:\/\/centralmedia.rs\/index.php\/wp-json\/wp\/v2\/comments?post=33819"}],"version-history":[{"count":1,"href":"https:\/\/centralmedia.rs\/index.php\/wp-json\/wp\/v2\/posts\/33819\/revisions"}],"predecessor-version":[{"id":33830,"href":"https:\/\/centralmedia.rs\/index.php\/wp-json\/wp\/v2\/posts\/33819\/revisions\/33830"}],"wp:featuredmedia":[{"embeddable":true,"href":"https:\/\/centralmedia.rs\/index.php\/wp-json\/wp\/v2\/media\/33820"}],"wp:attachment":[{"href":"https:\/\/centralmedia.rs\/index.php\/wp-json\/wp\/v2\/media?parent=33819"}],"wp:term":[{"taxonomy":"category","embeddable":true,"href":"https:\/\/centralmedia.rs\/index.php\/wp-json\/wp\/v2\/categories?post=33819"},{"taxonomy":"post_tag","embeddable":true,"href":"https:\/\/centralmedia.rs\/index.php\/wp-json\/wp\/v2\/tags?post=33819"}],"curies":[{"name":"wp","href":"https:\/\/api.w.org\/{rel}","templated":true}]}}