{"id":33831,"date":"2022-12-24T15:55:25","date_gmt":"2022-12-24T14:55:25","guid":{"rendered":"http:\/\/centralmedia.rs\/?p=33831"},"modified":"2022-12-27T12:57:28","modified_gmt":"2022-12-27T11:57:28","slug":"zamena-100-kontejnera-u-svilajncu","status":"publish","type":"post","link":"https:\/\/centralmedia.rs\/index.php\/2022\/12\/24\/zamena-100-kontejnera-u-svilajncu\/","title":{"rendered":"ZAMENA 100 KONTEJNERA U SVILAJNCU"},"content":{"rendered":"<p>SVILAJNAC-Komunalno javno preduze\u0107e \u201eMorava\u201c Svilajnac nabavilo je 100 novih kontejnera, koji su danas stigli u Svilajnac. Predsednik op\u0161tine Svilajnac Predrag Milanovi\u0107 ka\u017ee da se stalno ula\u017ee u nabavku i odr\u017eavanje komunalne opreme:<\/p>\n<p>\u201eVe\u0107 od danas krenu\u0107e isporuka kontejnera po gradu i selima. Zameni\u0107e se stari kontejneri koji su pre svega o\u0161te\u0107eni nesavesnim kori\u0161\u0107enjem i bacanjem \u017eara u kontejnere u zimskom periodu. Svaki zapaljen kontejner je jedan kontejner manje na ulici ili jedan kontejner koji treba da se zameni, a to sve ko\u0161ta. Koristim zato i ovu priliku da apelujem na gra\u0111ane da ne bacaju vreo \u017ear i pepeo u kontejenere jer se time pravi velika \u0161teta, a i zaga\u0111uje okolina\u201c \u2013 izjavio je Milanovi\u0107 i dodao da je nedavno nabaljeno i vozilo za pranje i dezinfekciju kontejnera koje mo\u017ee da slu\u017ei samo za ispravne i neo\u0161te\u0107ene kontejnere.<\/p>\n<div id='gallery-1' class='gallery galleryid-33831 gallery-columns-2 gallery-size-thumbnail'><figure class='gallery-item'>\n\t\t\t<div class='gallery-icon landscape'>\n\t\t\t\t<a href='https:\/\/centralmedia.rs\/index.php\/2022\/12\/24\/zamena-100-kontejnera-u-svilajncu\/kontejneri-2\/'><img loading=\"lazy\" decoding=\"async\" width=\"150\" height=\"150\" src=\"https:\/\/centralmedia.rs\/wp-content\/uploads\/2022\/12\/kontejneri-150x150.jpg\" class=\"attachment-thumbnail size-thumbnail\" alt=\"\" \/><\/a>\n\t\t\t<\/div><\/figure><figure class='gallery-item'>\n\t\t\t<div class='gallery-icon landscape'>\n\t\t\t\t<a href='https:\/\/centralmedia.rs\/index.php\/2022\/12\/24\/zamena-100-kontejnera-u-svilajncu\/kontejneri1\/'><img loading=\"lazy\" decoding=\"async\" width=\"150\" height=\"150\" src=\"https:\/\/centralmedia.rs\/wp-content\/uploads\/2022\/12\/kontejneri1-150x150.jpg\" class=\"attachment-thumbnail size-thumbnail\" alt=\"\" \/><\/a>\n\t\t\t<\/div><\/figure>\n\t\t<\/div>\n\n<p>Direktor KJP \u201eMorava\u201c Goran Boji\u0107 istakao je da je ovo preduze\u0107e u nove kontejnere ulo\u017eilo oko 5,5 miliona dinara:<\/p>\n<p>\u201eDa bismo o\u010duvali na\u0161e kontejnere neophodno je da se pepeo odla\u017ee na pravilan na\u010din. Nikako se ne sme bacati vreo pepeo koji lako zapali kontejner, ve\u0107 je potrebno da se pepeo prvo dobro ohladi. Zamolio bih sugra\u0111ane da se pridr\u017eavaju ovoga kako bismo produ\u017eili vek trajanja kontejnera i imali \u010distiju sredinu.\u201c<\/p>\n","protected":false},"excerpt":{"rendered":"<p>SVILAJNAC-Komunalno javno preduze\u0107e \u201eMorava\u201c Svilajnac nabavilo je 100 novih kontejnera, koji su danas stigli u Svilajnac. Predsednik op\u0161tine Svilajnac Predrag Milanovi\u0107 ka\u017ee da se stalno &hellip; <\/p>\n","protected":false},"author":2,"featured_media":33832,"comment_status":"open","ping_status":"open","sticky":false,"template":"","format":"standard","meta":{"footnotes":""},"categories":[1524,2,887,16,12,5785,1517],"tags":[1005,38],"_links":{"self":[{"href":"https:\/\/centralmedia.rs\/index.php\/wp-json\/wp\/v2\/posts\/33831"}],"collection":[{"href":"https:\/\/centralmedia.rs\/index.php\/wp-json\/wp\/v2\/posts"}],"about":[{"href":"https:\/\/centralmedia.rs\/index.php\/wp-json\/wp\/v2\/types\/post"}],"author":[{"embeddable":true,"href":"https:\/\/centralmedia.rs\/index.php\/wp-json\/wp\/v2\/users\/2"}],"replies":[{"embeddable":true,"href":"https:\/\/centralmedia.rs\/index.php\/wp-json\/wp\/v2\/comments?post=33831"}],"version-history":[{"count":1,"href":"https:\/\/centralmedia.rs\/index.php\/wp-json\/wp\/v2\/posts\/33831\/revisions"}],"predecessor-version":[{"id":33835,"href":"https:\/\/centralmedia.rs\/index.php\/wp-json\/wp\/v2\/posts\/33831\/revisions\/33835"}],"wp:featuredmedia":[{"embeddable":true,"href":"https:\/\/centralmedia.rs\/index.php\/wp-json\/wp\/v2\/media\/33832"}],"wp:attachment":[{"href":"https:\/\/centralmedia.rs\/index.php\/wp-json\/wp\/v2\/media?parent=33831"}],"wp:term":[{"taxonomy":"category","embeddable":true,"href":"https:\/\/centralmedia.rs\/index.php\/wp-json\/wp\/v2\/categories?post=33831"},{"taxonomy":"post_tag","embeddable":true,"href":"https:\/\/centralmedia.rs\/index.php\/wp-json\/wp\/v2\/tags?post=33831"}],"curies":[{"name":"wp","href":"https:\/\/api.w.org\/{rel}","templated":true}]}}