{"id":33840,"date":"2022-12-27T12:14:41","date_gmt":"2022-12-27T11:14:41","guid":{"rendered":"http:\/\/centralmedia.rs\/?p=33840"},"modified":"2023-01-06T13:18:52","modified_gmt":"2023-01-06T12:18:52","slug":"nova-godina-za-malisane-iz-svilajnca-moze-da-pocne","status":"publish","type":"post","link":"https:\/\/centralmedia.rs\/index.php\/2022\/12\/27\/nova-godina-za-malisane-iz-svilajnca-moze-da-pocne\/","title":{"rendered":"NOVA GODINA ZA MALI\u0160ANE IZ SVILAJNCA MO\u017dE DA PO\u010cNE"},"content":{"rendered":"<p>SVILAJNAC-Mali\u0161anima iz Svilajnca podeljeno oko 1300 novogodi\u0161njih paketi\u0107a. Prigodan program, de\u010dije pesme, fotografisanje sa Deda mrazom, Mini i Mikijem mausom koje \u0107e biti poslate na njihove adrese, princeze i vile, samo su deo novogodi\u0161nej bajke u kojoj su u\u017eivali najmla\u0111i.<\/p>\n<p>-Svilajnac je odgovorna op\u0161tina i smatramo da deca traju na neki na\u010din da budu nagra\u0111ena. Ovo je na\u0161 na\u010din da ih obradujemo i uveselimo. Iz bud\u017eeta smo izdvojili 5 miliona dinara. O\u010dekujemo do kraja godine rekordan broj beba i nadam se to ostvari, rekao je predsednik te op\u0161tine Predrag Milanovi\u0107.<\/p>\n<div id='gallery-1' class='gallery galleryid-33840 gallery-columns-7 gallery-size-thumbnail'><figure class='gallery-item'>\n\t\t\t<div class='gallery-icon landscape'>\n\t\t\t\t<a href='https:\/\/centralmedia.rs\/index.php\/2022\/12\/27\/nova-godina-za-malisane-iz-svilajnca-moze-da-pocne\/miki\/'><img loading=\"lazy\" decoding=\"async\" width=\"150\" height=\"150\" src=\"https:\/\/centralmedia.rs\/wp-content\/uploads\/2022\/12\/miki-150x150.jpg\" class=\"attachment-thumbnail size-thumbnail\" alt=\"\" \/><\/a>\n\t\t\t<\/div><\/figure><figure class='gallery-item'>\n\t\t\t<div class='gallery-icon landscape'>\n\t\t\t\t<a href='https:\/\/centralmedia.rs\/index.php\/2022\/12\/27\/nova-godina-za-malisane-iz-svilajnca-moze-da-pocne\/mini\/'><img loading=\"lazy\" decoding=\"async\" width=\"150\" height=\"150\" src=\"https:\/\/centralmedia.rs\/wp-content\/uploads\/2022\/12\/mini-150x150.jpg\" class=\"attachment-thumbnail size-thumbnail\" alt=\"\" \/><\/a>\n\t\t\t<\/div><\/figure><figure class='gallery-item'>\n\t\t\t<div class='gallery-icon portrait'>\n\t\t\t\t<a href='https:\/\/centralmedia.rs\/index.php\/2022\/12\/27\/nova-godina-za-malisane-iz-svilajnca-moze-da-pocne\/paketici-7\/'><img loading=\"lazy\" decoding=\"async\" width=\"150\" height=\"150\" src=\"https:\/\/centralmedia.rs\/wp-content\/uploads\/2022\/12\/paketici-150x150.jpg\" class=\"attachment-thumbnail size-thumbnail\" alt=\"\" \/><\/a>\n\t\t\t<\/div><\/figure><figure class='gallery-item'>\n\t\t\t<div class='gallery-icon landscape'>\n\t\t\t\t<a href='https:\/\/centralmedia.rs\/index.php\/2022\/12\/27\/nova-godina-za-malisane-iz-svilajnca-moze-da-pocne\/paketici1-2\/'><img loading=\"lazy\" decoding=\"async\" width=\"150\" height=\"150\" src=\"https:\/\/centralmedia.rs\/wp-content\/uploads\/2022\/12\/paketici1-150x150.jpg\" class=\"attachment-thumbnail size-thumbnail\" alt=\"\" \/><\/a>\n\t\t\t<\/div><\/figure><figure class='gallery-item'>\n\t\t\t<div class='gallery-icon landscape'>\n\t\t\t\t<a href='https:\/\/centralmedia.rs\/index.php\/2022\/12\/27\/nova-godina-za-malisane-iz-svilajnca-moze-da-pocne\/paketici2-2\/'><img loading=\"lazy\" decoding=\"async\" width=\"150\" height=\"150\" src=\"https:\/\/centralmedia.rs\/wp-content\/uploads\/2022\/12\/paketici2-150x150.jpg\" class=\"attachment-thumbnail size-thumbnail\" alt=\"\" \/><\/a>\n\t\t\t<\/div><\/figure><figure class='gallery-item'>\n\t\t\t<div class='gallery-icon landscape'>\n\t\t\t\t<a href='https:\/\/centralmedia.rs\/index.php\/2022\/12\/27\/nova-godina-za-malisane-iz-svilajnca-moze-da-pocne\/vile\/'><img loading=\"lazy\" decoding=\"async\" width=\"150\" height=\"150\" src=\"https:\/\/centralmedia.rs\/wp-content\/uploads\/2022\/12\/vile-150x150.jpg\" class=\"attachment-thumbnail size-thumbnail\" alt=\"\" \/><\/a>\n\t\t\t<\/div><\/figure><figure class='gallery-item'>\n\t\t\t<div class='gallery-icon landscape'>\n\t\t\t\t<a href='https:\/\/centralmedia.rs\/index.php\/2022\/12\/27\/nova-godina-za-malisane-iz-svilajnca-moze-da-pocne\/deda-mraz-3\/'><img loading=\"lazy\" decoding=\"async\" width=\"150\" height=\"150\" src=\"https:\/\/centralmedia.rs\/wp-content\/uploads\/2022\/12\/deda-mraz-150x150.jpg\" class=\"attachment-thumbnail size-thumbnail\" alt=\"\" \/><\/a>\n\t\t\t<\/div><\/figure>\n\t\t<\/div>\n\n","protected":false},"excerpt":{"rendered":"<p>SVILAJNAC-Mali\u0161anima iz Svilajnca podeljeno oko 1300 novogodi\u0161njih paketi\u0107a. Prigodan program, de\u010dije pesme, fotografisanje sa Deda mrazom, Mini i Mikijem mausom koje \u0107e biti poslate na &hellip; <\/p>\n","protected":false},"author":2,"featured_media":33841,"comment_status":"open","ping_status":"open","sticky":false,"template":"","format":"standard","meta":{"footnotes":""},"categories":[1524,2,23,887,5785,1517,3055],"tags":[355,383,38],"_links":{"self":[{"href":"https:\/\/centralmedia.rs\/index.php\/wp-json\/wp\/v2\/posts\/33840"}],"collection":[{"href":"https:\/\/centralmedia.rs\/index.php\/wp-json\/wp\/v2\/posts"}],"about":[{"href":"https:\/\/centralmedia.rs\/index.php\/wp-json\/wp\/v2\/types\/post"}],"author":[{"embeddable":true,"href":"https:\/\/centralmedia.rs\/index.php\/wp-json\/wp\/v2\/users\/2"}],"replies":[{"embeddable":true,"href":"https:\/\/centralmedia.rs\/index.php\/wp-json\/wp\/v2\/comments?post=33840"}],"version-history":[{"count":2,"href":"https:\/\/centralmedia.rs\/index.php\/wp-json\/wp\/v2\/posts\/33840\/revisions"}],"predecessor-version":[{"id":33849,"href":"https:\/\/centralmedia.rs\/index.php\/wp-json\/wp\/v2\/posts\/33840\/revisions\/33849"}],"wp:featuredmedia":[{"embeddable":true,"href":"https:\/\/centralmedia.rs\/index.php\/wp-json\/wp\/v2\/media\/33841"}],"wp:attachment":[{"href":"https:\/\/centralmedia.rs\/index.php\/wp-json\/wp\/v2\/media?parent=33840"}],"wp:term":[{"taxonomy":"category","embeddable":true,"href":"https:\/\/centralmedia.rs\/index.php\/wp-json\/wp\/v2\/categories?post=33840"},{"taxonomy":"post_tag","embeddable":true,"href":"https:\/\/centralmedia.rs\/index.php\/wp-json\/wp\/v2\/tags?post=33840"}],"curies":[{"name":"wp","href":"https:\/\/api.w.org\/{rel}","templated":true}]}}