{"id":33865,"date":"2022-12-29T08:06:53","date_gmt":"2022-12-29T07:06:53","guid":{"rendered":"http:\/\/centralmedia.rs\/?p=33865"},"modified":"2023-01-06T13:19:41","modified_gmt":"2023-01-06T12:19:41","slug":"vodosnabdevanje-prioritet-u-2023-u-cupriji","status":"publish","type":"post","link":"https:\/\/centralmedia.rs\/index.php\/2022\/12\/29\/vodosnabdevanje-prioritet-u-2023-u-cupriji\/","title":{"rendered":"VODOSNABDEVANJE PRIORITET U 2023. U \u0106UPRIJI, BUD\u017dET 1,8 MILIJARDI"},"content":{"rendered":"<p>\u0106UPRIJA- Zna\u010dajna bud\u017eetska sredstva u \u0106upriji u 2023. godini bi\u0107e opredeljena za vodosnabdevanje i infrastrukturu, ali i dalje \u0107e da se radi na stvaranju povoljnih uslova za ja\u010danje privrede, poru\u010dili su sa novogodi\u0161nje konferencije za medije predsednik SO \u0106uprija i narodni poslanik Ninoslav Eri\u0107 i predsednik Op\u0161tine \u0106uprija Jovica Anti\u0107. Usvojen je bud\u017eet za 2023. godinu u visini od gotovo 1,8 milijardi dinara. Ispla\u0107en je gotovo sav dug Doma zdravlja koji je nastao pre vi\u0161e od 10 godina, u visini od 3,5 miliona evra.<\/p>\n<p>&#8211; Predvi\u0111ena su velika sredstva za vodosnabdevanje. Godine su\u0161e pogor\u0161ale su ionako ne najbolje vodosnabdevanje grada pa \u0107e narednih godina ulo\u017eeno gotovo sedam miliona evra. Milion evra u 2023. za nove bunare u Supskoj, na Streli\u0161tu i na Slaviji i njihovo povezivanje sa gradskom mre\u017eom. Ostalih 6 miliona obezbedi\u0107e Ministarstvo za javna ulaganja, i ta sredstva \u0107e biti usmerena za rekonstrukciju kompletne gradske mre\u017ee koja je stara 60 godina i \u010dine je azbesne cevi.<\/p>\n<div id='gallery-1' class='gallery galleryid-33865 gallery-columns-3 gallery-size-thumbnail'><figure class='gallery-item'>\n\t\t\t<div class='gallery-icon landscape'>\n\t\t\t\t<a href='https:\/\/centralmedia.rs\/index.php\/2022\/12\/29\/vodosnabdevanje-prioritet-u-2023-u-cupriji\/antic-3\/'><img loading=\"lazy\" decoding=\"async\" width=\"150\" height=\"150\" src=\"https:\/\/centralmedia.rs\/wp-content\/uploads\/2022\/12\/antic-150x150.jpg\" class=\"attachment-thumbnail size-thumbnail\" alt=\"\" \/><\/a>\n\t\t\t<\/div><\/figure><figure class='gallery-item'>\n\t\t\t<div class='gallery-icon landscape'>\n\t\t\t\t<a href='https:\/\/centralmedia.rs\/index.php\/2022\/12\/29\/vodosnabdevanje-prioritet-u-2023-u-cupriji\/cuprija-10\/'><img loading=\"lazy\" decoding=\"async\" width=\"150\" height=\"150\" src=\"https:\/\/centralmedia.rs\/wp-content\/uploads\/2022\/12\/cuprija-150x150.jpg\" class=\"attachment-thumbnail size-thumbnail\" alt=\"\" \/><\/a>\n\t\t\t<\/div><\/figure><figure class='gallery-item'>\n\t\t\t<div class='gallery-icon landscape'>\n\t\t\t\t<a href='https:\/\/centralmedia.rs\/index.php\/2022\/12\/29\/vodosnabdevanje-prioritet-u-2023-u-cupriji\/eric-18\/'><img loading=\"lazy\" decoding=\"async\" width=\"150\" height=\"150\" src=\"https:\/\/centralmedia.rs\/wp-content\/uploads\/2022\/12\/eric-150x150.jpg\" class=\"attachment-thumbnail size-thumbnail\" alt=\"\" \/><\/a>\n\t\t\t<\/div><\/figure>\n\t\t<\/div>\n\n<p>Ukupna dugovanja Doma zdravlja bila su ve\u0107a od 3,5 miliona evra i \u00a0ta obaveza op\u0161tine godinama je optere\u0107ivala bud\u017eet. Sada, kada je taj tug gotovo u celosti izmiren, op\u0161tina mo\u017ee sredstva, koja su odlazila za pla\u0107anje dugova, iskoristi za infrastrukturne projekte. Naredna godina bi\u0107e posve\u0107ena energetskoj sanaciji javne rasvete u gradu i selima. U \u0106upriji \u0107e naredne godine zapo\u010deti ure\u0111enje Trga Stefana Prvoven\u010danog i Ulice cara Lazara, a grad \u0107e dobiti novu kapelu, najavio je Eri\u0107.<\/p>\n<p>\u0160to se ti\u010de privrede, Eri\u0107 je za 2023. Godinu najavio jo\u0161 jednu investiciju Feka automotiv, ali i izgradnju ritejl parka koji \u0107e imati regionalni karakter. Tako\u0111e, i drugi investitori su zainteresovani za ulaganje pre svega u Industrijski park \u201eDobri\u010devo\u201c. Pripremljena je \u00a0dokumentacija za izgradnju novog drumskog mosta na Velikoj Moravi koji je od nave\u0107e va\u017enosti za grad na Moravi.<\/p>\n<p>&nbsp;<\/p>\n<p>Predsednik Op\u0161tine \u0106uprija Jovica Anti\u0107 potsetio je na realizovane\u00a0 projekte, \u00a0zavr\u0161ena je prva faza ure\u0111enja centra grada, zapo\u010deta rekonstrukcija Modne ku\u0107e, ure\u0111en Trg se\u0107anja na NATO agresiju i tereni Sokolskog doma. Zna\u010dajna sredstva bila su usmerena i za ure\u0111enje infrastrukture i obrazovnih objekata u svim seoskim mesnim zajednicama \u2013 vi\u0161e od 200 miliona dinara ulo\u017eeno je u obrazovne ustanove, a op\u0161tina je finansirala ud\u017ebenike osnovcima i stipendirala deficitarna zanimanja.<\/p>\n","protected":false},"excerpt":{"rendered":"<p>\u0106UPRIJA- Zna\u010dajna bud\u017eetska sredstva u \u0106upriji u 2023. godini bi\u0107e opredeljena za vodosnabdevanje i infrastrukturu, ali i dalje \u0107e da se radi na stvaranju povoljnih &hellip; <\/p>\n","protected":false},"author":2,"featured_media":33866,"comment_status":"open","ping_status":"open","sticky":false,"template":"","format":"standard","meta":{"footnotes":""},"categories":[1515,1524,2,13,12],"tags":[44,193],"_links":{"self":[{"href":"https:\/\/centralmedia.rs\/index.php\/wp-json\/wp\/v2\/posts\/33865"}],"collection":[{"href":"https:\/\/centralmedia.rs\/index.php\/wp-json\/wp\/v2\/posts"}],"about":[{"href":"https:\/\/centralmedia.rs\/index.php\/wp-json\/wp\/v2\/types\/post"}],"author":[{"embeddable":true,"href":"https:\/\/centralmedia.rs\/index.php\/wp-json\/wp\/v2\/users\/2"}],"replies":[{"embeddable":true,"href":"https:\/\/centralmedia.rs\/index.php\/wp-json\/wp\/v2\/comments?post=33865"}],"version-history":[{"count":2,"href":"https:\/\/centralmedia.rs\/index.php\/wp-json\/wp\/v2\/posts\/33865\/revisions"}],"predecessor-version":[{"id":33871,"href":"https:\/\/centralmedia.rs\/index.php\/wp-json\/wp\/v2\/posts\/33865\/revisions\/33871"}],"wp:featuredmedia":[{"embeddable":true,"href":"https:\/\/centralmedia.rs\/index.php\/wp-json\/wp\/v2\/media\/33866"}],"wp:attachment":[{"href":"https:\/\/centralmedia.rs\/index.php\/wp-json\/wp\/v2\/media?parent=33865"}],"wp:term":[{"taxonomy":"category","embeddable":true,"href":"https:\/\/centralmedia.rs\/index.php\/wp-json\/wp\/v2\/categories?post=33865"},{"taxonomy":"post_tag","embeddable":true,"href":"https:\/\/centralmedia.rs\/index.php\/wp-json\/wp\/v2\/tags?post=33865"}],"curies":[{"name":"wp","href":"https:\/\/api.w.org\/{rel}","templated":true}]}}