{"id":33910,"date":"2023-01-05T16:13:13","date_gmt":"2023-01-05T15:13:13","guid":{"rendered":"http:\/\/centralmedia.rs\/?p=33910"},"modified":"2023-01-19T16:45:54","modified_gmt":"2023-01-19T15:45:54","slug":"predsednici-opstine-i-skupstine-opstine-obisli-dezurne-sluzbe-u-novogodisnjoj-noci","status":"publish","type":"post","link":"https:\/\/centralmedia.rs\/index.php\/2023\/01\/05\/predsednici-opstine-i-skupstine-opstine-obisli-dezurne-sluzbe-u-novogodisnjoj-noci\/","title":{"rendered":"PREDSEDNICI OP\u0160TINE I SKUP\u0160TINE OP\u0160TINE OBI\u0160LI DE\u017dURNE SLU\u017dBE U NOVOGODI\u0160NjOJ NO\u0106I"},"content":{"rendered":"<p>DESPOTOVAC- U znak zahvalnosti \u0161to i u novogodi\u0161njoj no\u0107i brinu o na\u0161im sugra\u0111anima, predsednik Op\u0161tine Nikola Nikoli\u0107 i predsednik Skup\u0161tine op\u0161tine Zlatko Marjanovi\u0107, obi\u0161li su radnike Hitne pomo\u0107i, Policijske stanice, Vatrogasnog doma, Bolnice, Doma za stara lica, Elektrodistribucije Srbije i Toplane i uz poklone im po\u017eeleli sre\u0107ne praznike.<\/p>\n<div id='gallery-1' class='gallery galleryid-33910 gallery-columns-5 gallery-size-thumbnail'><figure class='gallery-item'>\n\t\t\t<div class='gallery-icon portrait'>\n\t\t\t\t<a href='https:\/\/centralmedia.rs\/index.php\/2023\/01\/05\/predsednici-opstine-i-skupstine-opstine-obisli-dezurne-sluzbe-u-novogodisnjoj-noci\/predsednik-despotovac\/'><img loading=\"lazy\" decoding=\"async\" width=\"150\" height=\"150\" src=\"https:\/\/centralmedia.rs\/wp-content\/uploads\/2023\/01\/predsednik-despotovac-150x150.jpg\" class=\"attachment-thumbnail size-thumbnail\" alt=\"\" \/><\/a>\n\t\t\t<\/div><\/figure><figure class='gallery-item'>\n\t\t\t<div class='gallery-icon landscape'>\n\t\t\t\t<a href='https:\/\/centralmedia.rs\/index.php\/2023\/01\/05\/predsednici-opstine-i-skupstine-opstine-obisli-dezurne-sluzbe-u-novogodisnjoj-noci\/predsednik-despotovac1\/'><img loading=\"lazy\" decoding=\"async\" width=\"150\" height=\"150\" src=\"https:\/\/centralmedia.rs\/wp-content\/uploads\/2023\/01\/predsednik-despotovac1-150x150.jpg\" class=\"attachment-thumbnail size-thumbnail\" alt=\"\" \/><\/a>\n\t\t\t<\/div><\/figure><figure class='gallery-item'>\n\t\t\t<div class='gallery-icon landscape'>\n\t\t\t\t<a href='https:\/\/centralmedia.rs\/index.php\/2023\/01\/05\/predsednici-opstine-i-skupstine-opstine-obisli-dezurne-sluzbe-u-novogodisnjoj-noci\/predsednik-despotovac2\/'><img loading=\"lazy\" decoding=\"async\" width=\"150\" height=\"150\" src=\"https:\/\/centralmedia.rs\/wp-content\/uploads\/2023\/01\/predsednik-despotovac2-150x150.jpg\" class=\"attachment-thumbnail size-thumbnail\" alt=\"\" \/><\/a>\n\t\t\t<\/div><\/figure><figure class='gallery-item'>\n\t\t\t<div class='gallery-icon landscape'>\n\t\t\t\t<a href='https:\/\/centralmedia.rs\/index.php\/2023\/01\/05\/predsednici-opstine-i-skupstine-opstine-obisli-dezurne-sluzbe-u-novogodisnjoj-noci\/predsednik-despotovac4\/'><img loading=\"lazy\" decoding=\"async\" width=\"150\" height=\"150\" src=\"https:\/\/centralmedia.rs\/wp-content\/uploads\/2023\/01\/predsednik-despotovac4-150x150.jpg\" class=\"attachment-thumbnail size-thumbnail\" alt=\"\" \/><\/a>\n\t\t\t<\/div><\/figure><figure class='gallery-item'>\n\t\t\t<div class='gallery-icon landscape'>\n\t\t\t\t<a href='https:\/\/centralmedia.rs\/index.php\/2023\/01\/05\/predsednici-opstine-i-skupstine-opstine-obisli-dezurne-sluzbe-u-novogodisnjoj-noci\/predsednik-despotovac5\/'><img loading=\"lazy\" decoding=\"async\" width=\"150\" height=\"150\" src=\"https:\/\/centralmedia.rs\/wp-content\/uploads\/2023\/01\/predsednik-despotovac5-150x150.jpg\" class=\"attachment-thumbnail size-thumbnail\" alt=\"\" \/><\/a>\n\t\t\t<\/div><\/figure>\n\t\t<\/div>\n\n","protected":false},"excerpt":{"rendered":"<p>DESPOTOVAC- U znak zahvalnosti \u0161to i u novogodi\u0161njoj no\u0107i brinu o na\u0161im sugra\u0111anima, predsednik Op\u0161tine Nikola Nikoli\u0107 i predsednik Skup\u0161tine op\u0161tine Zlatko Marjanovi\u0107, obi\u0161li su &hellip; <\/p>\n","protected":false},"author":2,"featured_media":33911,"comment_status":"open","ping_status":"open","sticky":false,"template":"","format":"standard","meta":{"footnotes":""},"categories":[1518,1524,2,13,12],"tags":[6108,2628],"_links":{"self":[{"href":"https:\/\/centralmedia.rs\/index.php\/wp-json\/wp\/v2\/posts\/33910"}],"collection":[{"href":"https:\/\/centralmedia.rs\/index.php\/wp-json\/wp\/v2\/posts"}],"about":[{"href":"https:\/\/centralmedia.rs\/index.php\/wp-json\/wp\/v2\/types\/post"}],"author":[{"embeddable":true,"href":"https:\/\/centralmedia.rs\/index.php\/wp-json\/wp\/v2\/users\/2"}],"replies":[{"embeddable":true,"href":"https:\/\/centralmedia.rs\/index.php\/wp-json\/wp\/v2\/comments?post=33910"}],"version-history":[{"count":1,"href":"https:\/\/centralmedia.rs\/index.php\/wp-json\/wp\/v2\/posts\/33910\/revisions"}],"predecessor-version":[{"id":33917,"href":"https:\/\/centralmedia.rs\/index.php\/wp-json\/wp\/v2\/posts\/33910\/revisions\/33917"}],"wp:featuredmedia":[{"embeddable":true,"href":"https:\/\/centralmedia.rs\/index.php\/wp-json\/wp\/v2\/media\/33911"}],"wp:attachment":[{"href":"https:\/\/centralmedia.rs\/index.php\/wp-json\/wp\/v2\/media?parent=33910"}],"wp:term":[{"taxonomy":"category","embeddable":true,"href":"https:\/\/centralmedia.rs\/index.php\/wp-json\/wp\/v2\/categories?post=33910"},{"taxonomy":"post_tag","embeddable":true,"href":"https:\/\/centralmedia.rs\/index.php\/wp-json\/wp\/v2\/tags?post=33910"}],"curies":[{"name":"wp","href":"https:\/\/api.w.org\/{rel}","templated":true}]}}