{"id":33959,"date":"2023-01-10T20:48:04","date_gmt":"2023-01-10T19:48:04","guid":{"rendered":"http:\/\/centralmedia.rs\/?p=33959"},"modified":"2023-01-19T16:45:03","modified_gmt":"2023-01-19T15:45:03","slug":"festival-dani-komedije","status":"publish","type":"post","link":"https:\/\/centralmedia.rs\/index.php\/2023\/01\/10\/festival-dani-komedije\/","title":{"rendered":"Festival DANI KOMEDIJE"},"content":{"rendered":"<p>&nbsp;<\/p>\n<p>JAGODINA-Danas je u Jagodini odr\u017eana konferencija za novinare povodom saop\u0161tenja repertoara za 49. festival DANI KOMEDIJE koji \u0107e posle pauze izazvane virusom COVID 19 biti realizovan u svom redovnom terminu, od 20. do 27. marta teku\u0107e godine. Uz prisustvo brojnih predstavnika medija na konferenciji za \u0161tampu govorili su Neboj\u0161a Bradi\u0107, umetni\u010dki direktor festivala, direktorka jagodinskog Kulturnog centra Zorica Stojinovi\u0107 i Aleksandar Sa\u0161a Milosavljevi\u0107, teatrolog i \u010dlan Umetni\u010dkog saveta pomenutog festivala.<\/p>\n<p>Direktorka Kulturnog centra ,,Svetozar Markovi\u0107\u201c u Jagodini, Zorica Stojinovi\u0107 istakla je da je festival dobio puno novina od kojih je najzna\u010dajnije formiranje Umetni\u010dkog saveta koji je, zajedno sa direkcijom i umetni\u010dkim direktorom Festivala, zapo\u010deo transformaciju Dana komedije i pripremio njegovo novo izdanje, ali i obele\u017eavanje predstoje\u0107eg jubileja, dodav\u0161i na to da \u0107e dobro poznati festival smeha dobiti i regionalni karakter, odnosno da \u0107emo ubudu\u0107e gledati i predstave nastale van granica Srbije.<\/p>\n<p>Neboj\u0161a Bradi\u0107, umetni\u010dki direktor festivala je povodom selekcije izjavio: \u201eKriterijumi izbora predstava za Dane komedije 2023. podrazumevali su kriti\u010dki anga\u017eman, profesionalizam i celovitost izraza. Ovaj odabir karakteri\u0161u pa\u017eljiva rediteljska \u010ditanja klasi\u010dnog i savremenog teksta, veliki broj valjanih gluma\u010dkih kreacija i adekvatna produkcijska zaokru\u017eenost\u201c. Podse\u0107amo, Neboj\u0161a Bradi\u0107 je pre tri godine imao ulogu selektora festivala Dani komedije, ali ta selekcija zbog pandemije nije ugledala svetlost dana. Ona je sada potpuno rekonstruisana jer odr\u017eavanje prvobitne selekcije nije mogu\u0107e s obzirom na to da su neke predstave iza\u0161le sa svog redovnog repertoara, a dogodile su se i nove premijere. Bradi\u0107 je dodao da je iz prethodne selekcije ostala samo jedna pozori\u0161na predstava, istakao da \u0107emo za dva meseca videti najbolje od pozori\u0161nog \u017eivota Srbije, a potom i objavio slede\u0107i repertoar:<\/p>\n<p>Neki to vole vru\u0107e po motivima istoimenog filma, u re\u017eiji Aleksandra Marinkovi\u0107a i u produkciji Narodnog pozori\u0161ta Ni\u0161;<\/p>\n<p>\u010cista ku\u0107a Sare Rul, u re\u017eiji Andree Pjevi\u0107 i u produkciji Pozori\u0161ta Atelje 212;<\/p>\n<p>Tartif po tekstu \u017dana Batista Poklena Molijera, u re\u017eiji Igora Vuka Torbice i u koprodukciji Narodnog pozori\u0161ta iz Sombora i Srpskog narodnog pozori\u0161ta iz Novog Sada;<\/p>\n<p>Ibi the Great po tekstu Alfreda \u017darija, u re\u017eiji Andra\u0161a Urbana i u produkciji Narodnog pozori\u0161ta u Somboru;<\/p>\n<p>Sitnice koje \u017eivot zna\u010de Lorenca Maronea, u re\u017eiji Andreja Nosova i u koprodukciji Narodnog pozori\u0161ta Beograd, BEOART-a i Centra za kulturu Tivat;<\/p>\n<p>Izbira\u010dica Koste Trifkovi\u0107a, u re\u017eiji Ive Milo\u0161evi\u0107 i u produkciji Narodnog pozori\u0161ta iz Subotice;<\/p>\n<p>Ubistvo u Orijent ekspresu po tekstu Kena Ludviga, u re\u017eiji Darjana Mihajlovi\u0107a i produkciji Pozori\u0161ta \u201eBo\u0161ko Buha\u201c;<\/p>\n<p>U \u010dast nagra\u0111enih bi\u0107e izvedena predstava Terapija Kristofera Duranga, u adaptaciji i re\u017eiji Olivere \u0110or\u0111evi\u0107 i u produkciji Regionalnog pozori\u0161ta iz Novog Pazara.<\/p>\n<p>Na dana\u0161njoj konferenciji za medije teatrolog i \u010dlan Umetni\u010dkog saveta festivala Dani komedije, Aleksandar Sa\u0161a Milosavljevi\u0107 istakao je koliko je va\u017eno to \u0161to Jagodina nije dozvolila da se ugasi jedini \u017eanrovski profilisani festival u zemlji, kao i to da je komedija ubedljivo najte\u017ei \u017eanr.<\/p>\n<p>Stru\u010dni \u017eiri 49. festivala DANI KOMEDIJE radi\u0107e u slede\u0107em sastavu:<br \/>\n\u2013 \u017deljko Jovanovi\u0107, dramaturg i pozori\u0161ni kriti\u010dar;<br \/>\n\u2013 Borka Golubovi\u0107- Trebje\u0161anin, novinar lista POLITIKA i pozori\u0161ni kriti\u010dar<br \/>\n\u2013 Dragan Petrovi\u0107 Pele, dramski umetnik<\/p>\n<p>&nbsp;<\/p>\n","protected":false},"excerpt":{"rendered":"<p>&nbsp; JAGODINA-Danas je u Jagodini odr\u017eana konferencija za novinare povodom saop\u0161tenja repertoara za 49. festival DANI KOMEDIJE koji \u0107e posle pauze izazvane virusom COVID 19 &hellip; <\/p>\n","protected":false},"author":2,"featured_media":33960,"comment_status":"open","ping_status":"open","sticky":false,"template":"","format":"standard","meta":{"footnotes":""},"categories":[1524,2,1514,15,12],"tags":[506,58],"_links":{"self":[{"href":"https:\/\/centralmedia.rs\/index.php\/wp-json\/wp\/v2\/posts\/33959"}],"collection":[{"href":"https:\/\/centralmedia.rs\/index.php\/wp-json\/wp\/v2\/posts"}],"about":[{"href":"https:\/\/centralmedia.rs\/index.php\/wp-json\/wp\/v2\/types\/post"}],"author":[{"embeddable":true,"href":"https:\/\/centralmedia.rs\/index.php\/wp-json\/wp\/v2\/users\/2"}],"replies":[{"embeddable":true,"href":"https:\/\/centralmedia.rs\/index.php\/wp-json\/wp\/v2\/comments?post=33959"}],"version-history":[{"count":1,"href":"https:\/\/centralmedia.rs\/index.php\/wp-json\/wp\/v2\/posts\/33959\/revisions"}],"predecessor-version":[{"id":33961,"href":"https:\/\/centralmedia.rs\/index.php\/wp-json\/wp\/v2\/posts\/33959\/revisions\/33961"}],"wp:featuredmedia":[{"embeddable":true,"href":"https:\/\/centralmedia.rs\/index.php\/wp-json\/wp\/v2\/media\/33960"}],"wp:attachment":[{"href":"https:\/\/centralmedia.rs\/index.php\/wp-json\/wp\/v2\/media?parent=33959"}],"wp:term":[{"taxonomy":"category","embeddable":true,"href":"https:\/\/centralmedia.rs\/index.php\/wp-json\/wp\/v2\/categories?post=33959"},{"taxonomy":"post_tag","embeddable":true,"href":"https:\/\/centralmedia.rs\/index.php\/wp-json\/wp\/v2\/tags?post=33959"}],"curies":[{"name":"wp","href":"https:\/\/api.w.org\/{rel}","templated":true}]}}