{"id":33969,"date":"2023-01-13T14:43:36","date_gmt":"2023-01-13T13:43:36","guid":{"rendered":"http:\/\/centralmedia.rs\/?p=33969"},"modified":"2023-01-19T16:44:45","modified_gmt":"2023-01-19T15:44:45","slug":"novogodisnji-koncert-u-crkvencu","status":"publish","type":"post","link":"https:\/\/centralmedia.rs\/index.php\/2023\/01\/13\/novogodisnji-koncert-u-crkvencu\/","title":{"rendered":"NOVOGODI\u0160NJI KONCERT U CRKVENCU"},"content":{"rendered":"<p>&nbsp;<\/p>\n<p>SVILAJNAC- KUD &#8220;Dimitrije Kati\u0107&#8221; organizuje u subotu 14. januara \u00a0od 19 sati novogodi\u0161nji koncert u sali osnovne \u0161kole u Crkvencu kod Svilajnca. U\u010destvuju i kulturno-umetni\u010dka dru\u0161tva iz Bato\u010dine i Vojske, kao i hor iz Svilajnca.<\/p>\n<p><img loading=\"lazy\" decoding=\"async\" class=\"alignnone wp-image-33970 size-full\" src=\"http:\/\/centralmedia.rs\/wp-content\/uploads\/2023\/01\/koncert.jpg\" alt=\"\" width=\"509\" height=\"720\" srcset=\"https:\/\/centralmedia.rs\/wp-content\/uploads\/2023\/01\/koncert.jpg 509w, https:\/\/centralmedia.rs\/wp-content\/uploads\/2023\/01\/koncert-212x300.jpg 212w, https:\/\/centralmedia.rs\/wp-content\/uploads\/2023\/01\/koncert-297x420.jpg 297w\" sizes=\"(max-width: 509px) 100vw, 509px\" \/><\/p>\n","protected":false},"excerpt":{"rendered":"<p>&nbsp; SVILAJNAC- KUD &#8220;Dimitrije Kati\u0107&#8221; organizuje u subotu 14. januara \u00a0od 19 sati novogodi\u0161nji koncert u sali osnovne \u0161kole u Crkvencu kod Svilajnca. U\u010destvuju i &hellip; <\/p>\n","protected":false},"author":2,"featured_media":33970,"comment_status":"open","ping_status":"open","sticky":false,"template":"","format":"standard","meta":{"footnotes":""},"categories":[1524,2,15,12,1517],"tags":[548,2555,38],"_links":{"self":[{"href":"https:\/\/centralmedia.rs\/index.php\/wp-json\/wp\/v2\/posts\/33969"}],"collection":[{"href":"https:\/\/centralmedia.rs\/index.php\/wp-json\/wp\/v2\/posts"}],"about":[{"href":"https:\/\/centralmedia.rs\/index.php\/wp-json\/wp\/v2\/types\/post"}],"author":[{"embeddable":true,"href":"https:\/\/centralmedia.rs\/index.php\/wp-json\/wp\/v2\/users\/2"}],"replies":[{"embeddable":true,"href":"https:\/\/centralmedia.rs\/index.php\/wp-json\/wp\/v2\/comments?post=33969"}],"version-history":[{"count":1,"href":"https:\/\/centralmedia.rs\/index.php\/wp-json\/wp\/v2\/posts\/33969\/revisions"}],"predecessor-version":[{"id":33971,"href":"https:\/\/centralmedia.rs\/index.php\/wp-json\/wp\/v2\/posts\/33969\/revisions\/33971"}],"wp:featuredmedia":[{"embeddable":true,"href":"https:\/\/centralmedia.rs\/index.php\/wp-json\/wp\/v2\/media\/33970"}],"wp:attachment":[{"href":"https:\/\/centralmedia.rs\/index.php\/wp-json\/wp\/v2\/media?parent=33969"}],"wp:term":[{"taxonomy":"category","embeddable":true,"href":"https:\/\/centralmedia.rs\/index.php\/wp-json\/wp\/v2\/categories?post=33969"},{"taxonomy":"post_tag","embeddable":true,"href":"https:\/\/centralmedia.rs\/index.php\/wp-json\/wp\/v2\/tags?post=33969"}],"curies":[{"name":"wp","href":"https:\/\/api.w.org\/{rel}","templated":true}]}}