{"id":33991,"date":"2023-01-19T16:21:40","date_gmt":"2023-01-19T15:21:40","guid":{"rendered":"http:\/\/centralmedia.rs\/?p=33991"},"modified":"2023-01-23T14:54:15","modified_gmt":"2023-01-23T13:54:15","slug":"plivanje-za-casni-krst-u-jagodini","status":"publish","type":"post","link":"https:\/\/centralmedia.rs\/index.php\/2023\/01\/19\/plivanje-za-casni-krst-u-jagodini\/","title":{"rendered":"PLIVANJE ZA \u010cASNI KRST U JAGODINI"},"content":{"rendered":"<p>&nbsp;<\/p>\n<p>JAGODINA- U organizaciji Skup\u0161tine garda Jagodina na Bagrdanskom jezeru, povodom Bogojavljanja, prvi je do \u010casnog krsta doplivao Mihailo Ad\u017ei\u0107 (26) iz Kru\u0161evca. U\u010destvovao je 71 pliva\u010d. U jagodinskim hramovima SPC slu\u017eena je Litugrgija i obavlkjeno osve\u0107enje vode.<\/p>\n<div id='gallery-1' class='gallery galleryid-33991 gallery-columns-7 gallery-size-thumbnail'><figure class='gallery-item'>\n\t\t\t<div class='gallery-icon landscape'>\n\t\t\t\t<a href='https:\/\/centralmedia.rs\/index.php\/2023\/01\/19\/plivanje-za-casni-krst-u-jagodini\/bogojavljenje-sveta-petka\/'><img loading=\"lazy\" decoding=\"async\" width=\"150\" height=\"150\" src=\"https:\/\/centralmedia.rs\/wp-content\/uploads\/2023\/01\/bogojavljenje-sveta-petka-150x150.jpg\" class=\"attachment-thumbnail size-thumbnail\" alt=\"\" \/><\/a>\n\t\t\t<\/div><\/figure><figure class='gallery-item'>\n\t\t\t<div class='gallery-icon landscape'>\n\t\t\t\t<a href='https:\/\/centralmedia.rs\/index.php\/2023\/01\/19\/plivanje-za-casni-krst-u-jagodini\/bogojavljenje-bagrdan\/'><img loading=\"lazy\" decoding=\"async\" width=\"150\" height=\"150\" src=\"https:\/\/centralmedia.rs\/wp-content\/uploads\/2023\/01\/bogojavljenje-bagrdan-150x150.jpg\" class=\"attachment-thumbnail size-thumbnail\" alt=\"\" \/><\/a>\n\t\t\t<\/div><\/figure><figure class='gallery-item'>\n\t\t\t<div class='gallery-icon landscape'>\n\t\t\t\t<a href='https:\/\/centralmedia.rs\/index.php\/2023\/01\/19\/plivanje-za-casni-krst-u-jagodini\/bogojavljenje-bagrdan2\/'><img loading=\"lazy\" decoding=\"async\" width=\"150\" height=\"150\" src=\"https:\/\/centralmedia.rs\/wp-content\/uploads\/2023\/01\/bogojavljenje-bagrdan2-150x150.jpg\" class=\"attachment-thumbnail size-thumbnail\" alt=\"\" \/><\/a>\n\t\t\t<\/div><\/figure><figure class='gallery-item'>\n\t\t\t<div class='gallery-icon landscape'>\n\t\t\t\t<a href='https:\/\/centralmedia.rs\/index.php\/2023\/01\/19\/plivanje-za-casni-krst-u-jagodini\/bogojavljenje-bagrdan3\/'><img loading=\"lazy\" decoding=\"async\" width=\"150\" height=\"150\" src=\"https:\/\/centralmedia.rs\/wp-content\/uploads\/2023\/01\/bogojavljenje-bagrdan3-150x150.jpg\" class=\"attachment-thumbnail size-thumbnail\" alt=\"\" \/><\/a>\n\t\t\t<\/div><\/figure><figure class='gallery-item'>\n\t\t\t<div class='gallery-icon landscape'>\n\t\t\t\t<a href='https:\/\/centralmedia.rs\/index.php\/2023\/01\/19\/plivanje-za-casni-krst-u-jagodini\/bogojavljenje-bagrdan4\/'><img loading=\"lazy\" decoding=\"async\" width=\"150\" height=\"150\" src=\"https:\/\/centralmedia.rs\/wp-content\/uploads\/2023\/01\/bogojavljenje-bagrdan4-150x150.jpg\" class=\"attachment-thumbnail size-thumbnail\" alt=\"\" \/><\/a>\n\t\t\t<\/div><\/figure><figure class='gallery-item'>\n\t\t\t<div class='gallery-icon landscape'>\n\t\t\t\t<a href='https:\/\/centralmedia.rs\/index.php\/2023\/01\/19\/plivanje-za-casni-krst-u-jagodini\/bogojavljenje-glavnici\/'><img loading=\"lazy\" decoding=\"async\" width=\"150\" height=\"150\" src=\"https:\/\/centralmedia.rs\/wp-content\/uploads\/2023\/01\/bogojavljenje-glavnici-150x150.jpg\" class=\"attachment-thumbnail size-thumbnail\" alt=\"\" \/><\/a>\n\t\t\t<\/div><\/figure><figure class='gallery-item'>\n\t\t\t<div class='gallery-icon landscape'>\n\t\t\t\t<a href='https:\/\/centralmedia.rs\/index.php\/2023\/01\/19\/plivanje-za-casni-krst-u-jagodini\/bogojavljenje-bagrdan1\/'><img loading=\"lazy\" decoding=\"async\" width=\"150\" height=\"150\" src=\"https:\/\/centralmedia.rs\/wp-content\/uploads\/2023\/01\/bogojavljenje-bagrdan1-150x150.jpg\" class=\"attachment-thumbnail size-thumbnail\" alt=\"\" \/><\/a>\n\t\t\t<\/div><\/figure>\n\t\t<\/div>\n\n<p>U \u0106upriji je na bazenu kod Moravskog mosta odr\u017eano plivanje za \u010casni krst. Od 50 u\u010desnika do \u010casnog krsta prvi je doplivao Sava Ivanovi\u0107 (30) iz Para\u0107ina. Plivanje za \u010casni krst u Para\u0107inu organizovano je na jezeru Grza.<\/p>\n","protected":false},"excerpt":{"rendered":"<p>&nbsp; JAGODINA- U organizaciji Skup\u0161tine garda Jagodina na Bagrdanskom jezeru, povodom Bogojavljanja, prvi je do \u010casnog krsta doplivao Mihailo Ad\u017ei\u0107 (26) iz Kru\u0161evca. U\u010destvovao je &hellip; <\/p>\n","protected":false},"author":2,"featured_media":33992,"comment_status":"open","ping_status":"open","sticky":false,"template":"","format":"standard","meta":{"footnotes":""},"categories":[14,1524,2,1514,12],"tags":[1630,2586,44,58,156],"_links":{"self":[{"href":"https:\/\/centralmedia.rs\/index.php\/wp-json\/wp\/v2\/posts\/33991"}],"collection":[{"href":"https:\/\/centralmedia.rs\/index.php\/wp-json\/wp\/v2\/posts"}],"about":[{"href":"https:\/\/centralmedia.rs\/index.php\/wp-json\/wp\/v2\/types\/post"}],"author":[{"embeddable":true,"href":"https:\/\/centralmedia.rs\/index.php\/wp-json\/wp\/v2\/users\/2"}],"replies":[{"embeddable":true,"href":"https:\/\/centralmedia.rs\/index.php\/wp-json\/wp\/v2\/comments?post=33991"}],"version-history":[{"count":2,"href":"https:\/\/centralmedia.rs\/index.php\/wp-json\/wp\/v2\/posts\/33991\/revisions"}],"predecessor-version":[{"id":34030,"href":"https:\/\/centralmedia.rs\/index.php\/wp-json\/wp\/v2\/posts\/33991\/revisions\/34030"}],"wp:featuredmedia":[{"embeddable":true,"href":"https:\/\/centralmedia.rs\/index.php\/wp-json\/wp\/v2\/media\/33992"}],"wp:attachment":[{"href":"https:\/\/centralmedia.rs\/index.php\/wp-json\/wp\/v2\/media?parent=33991"}],"wp:term":[{"taxonomy":"category","embeddable":true,"href":"https:\/\/centralmedia.rs\/index.php\/wp-json\/wp\/v2\/categories?post=33991"},{"taxonomy":"post_tag","embeddable":true,"href":"https:\/\/centralmedia.rs\/index.php\/wp-json\/wp\/v2\/tags?post=33991"}],"curies":[{"name":"wp","href":"https:\/\/api.w.org\/{rel}","templated":true}]}}