{"id":34041,"date":"2023-01-23T14:51:25","date_gmt":"2023-01-23T13:51:25","guid":{"rendered":"http:\/\/centralmedia.rs\/?p=34041"},"modified":"2023-01-27T20:04:16","modified_gmt":"2023-01-27T19:04:16","slug":"palma-jagodina-je-centar-razvoja-centralne-srbije-kada-gradite-fabrike-skole-i-vrtice-to-znaci-da-taj-grad-ima-dobre-uslove-da-se-deca-radaju","status":"publish","type":"post","link":"https:\/\/centralmedia.rs\/index.php\/2023\/01\/23\/palma-jagodina-je-centar-razvoja-centralne-srbije-kada-gradite-fabrike-skole-i-vrtice-to-znaci-da-taj-grad-ima-dobre-uslove-da-se-deca-radaju\/","title":{"rendered":"PALMA : JAGODINA JE CENTAR RAZVOJA CENTRALNE SRBIJE. KADA GRADITE FABRIKE, \u0160KOLE I VRTI\u0106E TO ZNA\u010cI DA TAJ GRAD IMA DOBRE USLOVE DA SE DECA RA\u0110AJU"},"content":{"rendered":"<p>&nbsp;<\/p>\n<p>JAGODINA-U jagodinskom selu Staro Lani\u0161te danas je, prvog dana drugog polugodi\u0161ta otvorena potpuno renovirana osnovna \u0161kola, za u\u010denike od 1. do 8. razreda iz sela Staro Lani\u0161te, Novo Lani\u0161te i Ko\u010dino Selo. U sklopu \u0161kole koju poha\u0111a 36 u\u010denika je i vrti\u0107 gde ima 9 \u2013 oro dece. Otvorena je i nova ambulanta za me\u0161tane Starog Lani\u0161ta. Ovoj sve\u010danosti prisiustvovao je i predsednik Skup\u0161tine grada Jagodine Dragan Markovi\u0107 Palma. \u201e Kompletno renoviranje ovog objekta ko\u0161talo je 45 miliona dinara, od toga 30 posto sredstava je dala dr\u017eava Srbija, a 70 posto je obezbedila Skup\u0161tina grada Jagodine. Ta sredstva nisam obezbedio ja li\u010dno, ve\u0107 smo u\u0161tedeli. Na mese\u010dnom nivou Skup\u0161tina grada Jagodine \u0161tedi izme\u0111u 8 i 10 miliona dinara na osnovu onoga \u0161to smo imali pravo po zakonu da tro\u0161imo, a nismo tro\u0161ili, ne kupujemo automobile i plate primaju samo oni koji rade i zara\u0111uju, a ne politi\u010dari zato \u0161to je njihova politi\u010dka partija pobedila na izborima. Osnovna \u0161kola ima grejanje na gas, novu kuhinju sa trpezarijom, salu za fizi\u010dko sa svim potrebnim sredstvima, dva spoljna sportska terena, informati\u010dku u\u010dionicu sa kompjuterima, a u objektu gde je \u0161kola, napravljena je nova ambulanta za me\u0161tane Starog Lani\u0161ta u kojoj \u0107e lekar raditi dva puta nedeljno, a po potrebi i vi\u0161e dana. Kada gradite vrti\u0107e i \u0161kole to zna\u010di da taj grad ima dobre uslove da se deca ra\u0111aju, a pre toga ste morali da obezbedite fabrike, nova radna mesta kao \u0161to je slu\u010daj u Jagodini i ja o\u010dekujem jo\u0161 6 novih fabrika, u pregovorima smo sa jednom velikom kompanijom koja \u0107e izgraditi vi\u0161e objekata i ti objekti \u0107e biti namenjeni stranim investitorima. Vi ovde u Starom Lani\u0161tu imate i gas i vodu i besplatan autobuski prevoz, kao na celoj teritoriji grada Jagodine i Staro Lani\u0161te vi\u0161e nije selo Staro Lani\u0161te, nego varo\u0161 Staro Lani\u0161te i zato o\u010dekujem da za 6 godina imamo vi\u0161e dece u pred\u0161kolskom, a za 7 godina vi\u0161e dece u prvom razredu osnovne \u0161kole. U nekim gradovima i op\u0161tinama ne da nema besplatan autobuski prevoz, nego nema ni autobuski prevoz ni da platite, kada su sela malo udaljenija od grada. Jagodina je centar razvoja centralne Srbije. Dinamika i razvoj sela i grada u Jagodini ima\u0107e kontinuitet, a za nas su deca i mladi zakon\u201c, rekao je Markovi\u0107.<\/p>\n<div id='gallery-1' class='gallery galleryid-34041 gallery-columns-7 gallery-size-thumbnail'><figure class='gallery-item'>\n\t\t\t<div class='gallery-icon landscape'>\n\t\t\t\t<a href='https:\/\/centralmedia.rs\/index.php\/2023\/01\/23\/palma-jagodina-je-centar-razvoja-centralne-srbije-kada-gradite-fabrike-skole-i-vrtice-to-znaci-da-taj-grad-ima-dobre-uslove-da-se-deca-radaju\/laniste\/'><img loading=\"lazy\" decoding=\"async\" width=\"150\" height=\"150\" src=\"https:\/\/centralmedia.rs\/wp-content\/uploads\/2023\/01\/laniste-150x150.jpg\" class=\"attachment-thumbnail size-thumbnail\" alt=\"\" \/><\/a>\n\t\t\t<\/div><\/figure><figure class='gallery-item'>\n\t\t\t<div class='gallery-icon landscape'>\n\t\t\t\t<a href='https:\/\/centralmedia.rs\/index.php\/2023\/01\/23\/palma-jagodina-je-centar-razvoja-centralne-srbije-kada-gradite-fabrike-skole-i-vrtice-to-znaci-da-taj-grad-ima-dobre-uslove-da-se-deca-radaju\/laniste1\/'><img loading=\"lazy\" decoding=\"async\" width=\"150\" height=\"150\" src=\"https:\/\/centralmedia.rs\/wp-content\/uploads\/2023\/01\/laniste1-150x150.jpg\" class=\"attachment-thumbnail size-thumbnail\" alt=\"\" \/><\/a>\n\t\t\t<\/div><\/figure><figure class='gallery-item'>\n\t\t\t<div class='gallery-icon landscape'>\n\t\t\t\t<a href='https:\/\/centralmedia.rs\/index.php\/2023\/01\/23\/palma-jagodina-je-centar-razvoja-centralne-srbije-kada-gradite-fabrike-skole-i-vrtice-to-znaci-da-taj-grad-ima-dobre-uslove-da-se-deca-radaju\/palma-60\/'><img loading=\"lazy\" decoding=\"async\" width=\"150\" height=\"150\" src=\"https:\/\/centralmedia.rs\/wp-content\/uploads\/2023\/01\/palma-3-150x150.jpg\" class=\"attachment-thumbnail size-thumbnail\" alt=\"\" \/><\/a>\n\t\t\t<\/div><\/figure><figure class='gallery-item'>\n\t\t\t<div class='gallery-icon landscape'>\n\t\t\t\t<a href='https:\/\/centralmedia.rs\/index.php\/2023\/01\/23\/palma-jagodina-je-centar-razvoja-centralne-srbije-kada-gradite-fabrike-skole-i-vrtice-to-znaci-da-taj-grad-ima-dobre-uslove-da-se-deca-radaju\/palma2-14\/'><img loading=\"lazy\" decoding=\"async\" width=\"150\" height=\"150\" src=\"https:\/\/centralmedia.rs\/wp-content\/uploads\/2023\/01\/palma2-2-150x150.jpg\" class=\"attachment-thumbnail size-thumbnail\" alt=\"\" \/><\/a>\n\t\t\t<\/div><\/figure><figure class='gallery-item'>\n\t\t\t<div class='gallery-icon landscape'>\n\t\t\t\t<a href='https:\/\/centralmedia.rs\/index.php\/2023\/01\/23\/palma-jagodina-je-centar-razvoja-centralne-srbije-kada-gradite-fabrike-skole-i-vrtice-to-znaci-da-taj-grad-ima-dobre-uslove-da-se-deca-radaju\/palma3-7\/'><img loading=\"lazy\" decoding=\"async\" width=\"150\" height=\"150\" src=\"https:\/\/centralmedia.rs\/wp-content\/uploads\/2023\/01\/palma3-150x150.jpg\" class=\"attachment-thumbnail size-thumbnail\" alt=\"\" \/><\/a>\n\t\t\t<\/div><\/figure><figure class='gallery-item'>\n\t\t\t<div class='gallery-icon landscape'>\n\t\t\t\t<a href='https:\/\/centralmedia.rs\/index.php\/2023\/01\/23\/palma-jagodina-je-centar-razvoja-centralne-srbije-kada-gradite-fabrike-skole-i-vrtice-to-znaci-da-taj-grad-ima-dobre-uslove-da-se-deca-radaju\/palma4-2\/'><img loading=\"lazy\" decoding=\"async\" width=\"150\" height=\"150\" src=\"https:\/\/centralmedia.rs\/wp-content\/uploads\/2023\/01\/palma4-150x150.jpg\" class=\"attachment-thumbnail size-thumbnail\" alt=\"\" \/><\/a>\n\t\t\t<\/div><\/figure><figure class='gallery-item'>\n\t\t\t<div class='gallery-icon landscape'>\n\t\t\t\t<a href='https:\/\/centralmedia.rs\/index.php\/2023\/01\/23\/palma-jagodina-je-centar-razvoja-centralne-srbije-kada-gradite-fabrike-skole-i-vrtice-to-znaci-da-taj-grad-ima-dobre-uslove-da-se-deca-radaju\/palma1-21\/'><img loading=\"lazy\" decoding=\"async\" width=\"150\" height=\"150\" src=\"https:\/\/centralmedia.rs\/wp-content\/uploads\/2023\/01\/palma1-2-150x150.jpg\" class=\"attachment-thumbnail size-thumbnail\" alt=\"\" \/><\/a>\n\t\t\t<\/div><\/figure>\n\t\t<\/div>\n\n<p>PALMA SUTRA VODI PARLAMENTARNU DELEGACIJU SRBIJE U BE\u010c NA POZIV PREDSEDNICE AUSTRIJSKO \u2013 SRPSKOG PRIJATELjSTVA SAVEZNE SKUP\u0160TINE AUSTRIJE<\/p>\n<p>\u201eNa poziv predsednice parlametarne grupe austrijsko \u2013 srpskog prijateljstva u Saveznom parlametnu Austrije Gudrun Kugler, sutra, kao predsednik parlamentarne grupe srpsko \u2013 austrijskog prijateljstva u Skup\u0161tini Srbije predvodim delegaciju od 12 poslanika iz na\u0161eg parlamenta u posetu Be\u010du. Tako\u0111e, nakon korone, grad Jagodina ponovo vodi studente u Be\u010d. Obezbedili smo donatore i od 14. do 16. marta 350 studenata vodimo u glavni grad Austrije, gde ima najvi\u0161e srpskih studenata u inostranstvu. Pored toga krajem maja, tako\u0111e o tro\u0161ku donatora vodimo 1300 ljudi u na\u0161u prijateljsku Gr\u010dku, a uslov \u0107e biti da idu oni koji do sada nisu bili\u201c, kazao je Dragan Markovi\u0107 Palma.<\/p>\n","protected":false},"excerpt":{"rendered":"<p>&nbsp; JAGODINA-U jagodinskom selu Staro Lani\u0161te danas je, prvog dana drugog polugodi\u0161ta otvorena potpuno renovirana osnovna \u0161kola, za u\u010denike od 1. do 8. razreda iz &hellip; <\/p>\n","protected":false},"author":2,"featured_media":34042,"comment_status":"open","ping_status":"open","sticky":false,"template":"","format":"standard","meta":{"footnotes":""},"categories":[1524,2,1514,13,12],"tags":[120,497,6114],"_links":{"self":[{"href":"https:\/\/centralmedia.rs\/index.php\/wp-json\/wp\/v2\/posts\/34041"}],"collection":[{"href":"https:\/\/centralmedia.rs\/index.php\/wp-json\/wp\/v2\/posts"}],"about":[{"href":"https:\/\/centralmedia.rs\/index.php\/wp-json\/wp\/v2\/types\/post"}],"author":[{"embeddable":true,"href":"https:\/\/centralmedia.rs\/index.php\/wp-json\/wp\/v2\/users\/2"}],"replies":[{"embeddable":true,"href":"https:\/\/centralmedia.rs\/index.php\/wp-json\/wp\/v2\/comments?post=34041"}],"version-history":[{"count":1,"href":"https:\/\/centralmedia.rs\/index.php\/wp-json\/wp\/v2\/posts\/34041\/revisions"}],"predecessor-version":[{"id":34049,"href":"https:\/\/centralmedia.rs\/index.php\/wp-json\/wp\/v2\/posts\/34041\/revisions\/34049"}],"wp:featuredmedia":[{"embeddable":true,"href":"https:\/\/centralmedia.rs\/index.php\/wp-json\/wp\/v2\/media\/34042"}],"wp:attachment":[{"href":"https:\/\/centralmedia.rs\/index.php\/wp-json\/wp\/v2\/media?parent=34041"}],"wp:term":[{"taxonomy":"category","embeddable":true,"href":"https:\/\/centralmedia.rs\/index.php\/wp-json\/wp\/v2\/categories?post=34041"},{"taxonomy":"post_tag","embeddable":true,"href":"https:\/\/centralmedia.rs\/index.php\/wp-json\/wp\/v2\/tags?post=34041"}],"curies":[{"name":"wp","href":"https:\/\/api.w.org\/{rel}","templated":true}]}}