{"id":34056,"date":"2023-01-25T19:44:11","date_gmt":"2023-01-25T18:44:11","guid":{"rendered":"http:\/\/centralmedia.rs\/?p=34056"},"modified":"2023-01-31T08:27:24","modified_gmt":"2023-01-31T07:27:24","slug":"palma-jagodinski-studenti-i-lekari-u-martu-i-oktobru-u-becu","status":"publish","type":"post","link":"https:\/\/centralmedia.rs\/index.php\/2023\/01\/25\/palma-jagodinski-studenti-i-lekari-u-martu-i-oktobru-u-becu\/","title":{"rendered":"PALMA: JAGODINSKI STUDENTI U MARTU, U OKTOBRU STUDENTI I LEKARI U BE\u010cU"},"content":{"rendered":"<p>PALMA: NA KOSOVU I METOHIJI SAMO JEDNA STRANA NE PO\u0160TUJE DOGOVORE A TO SU KOSOVSKI ALBANCI<\/p>\n<p>Dragan Markovi\u0107 Palma, predsednik Jedinstvene Srbije i narodni poslanik, kao predsednik Parlamentarne grupe prijateljstva sa Austrijom, predvodi delegaciju od 12 narodnih poslanika, koja je danas posetila Parlament Republike Austrije i imala sastanak sa austrijskim poslanicima \u010dlanovima Poslani\u010dke grupe prijateljstva sa Srbijom, na \u010delu sa predsednicom ove parlamentarne grupe gospo\u0111om Gudrun Kugler.<\/p>\n<div id='gallery-1' class='gallery galleryid-34056 gallery-columns-3 gallery-size-thumbnail'><figure class='gallery-item'>\n\t\t\t<div class='gallery-icon landscape'>\n\t\t\t\t<a href='https:\/\/centralmedia.rs\/index.php\/2023\/01\/25\/palma-jagodinski-studenti-i-lekari-u-martu-i-oktobru-u-becu\/palma-bec3\/'><img loading=\"lazy\" decoding=\"async\" width=\"150\" height=\"150\" src=\"https:\/\/centralmedia.rs\/wp-content\/uploads\/2023\/01\/palma-bec3-150x150.jpg\" class=\"attachment-thumbnail size-thumbnail\" alt=\"\" \/><\/a>\n\t\t\t<\/div><\/figure><figure class='gallery-item'>\n\t\t\t<div class='gallery-icon landscape'>\n\t\t\t\t<a href='https:\/\/centralmedia.rs\/index.php\/2023\/01\/25\/palma-jagodinski-studenti-i-lekari-u-martu-i-oktobru-u-becu\/palma-bec1\/'><img loading=\"lazy\" decoding=\"async\" width=\"150\" height=\"150\" src=\"https:\/\/centralmedia.rs\/wp-content\/uploads\/2023\/01\/palma-bec1-150x150.jpg\" class=\"attachment-thumbnail size-thumbnail\" alt=\"\" \/><\/a>\n\t\t\t<\/div><\/figure><figure class='gallery-item'>\n\t\t\t<div class='gallery-icon portrait'>\n\t\t\t\t<a href='https:\/\/centralmedia.rs\/index.php\/2023\/01\/25\/palma-jagodinski-studenti-i-lekari-u-martu-i-oktobru-u-becu\/palma-bec2\/'><img loading=\"lazy\" decoding=\"async\" width=\"150\" height=\"150\" src=\"https:\/\/centralmedia.rs\/wp-content\/uploads\/2023\/01\/palma-bec2-150x150.jpg\" class=\"attachment-thumbnail size-thumbnail\" alt=\"\" \/><\/a>\n\t\t\t<\/div><\/figure>\n\t\t<\/div>\n\n<p>Na sastanku su poslanici otvoreno razgovarali o svim temama koje se ti\u010du bilateralnih odnosa, o situaciji na Zapadnom Balkanu i u svetu.<\/p>\n<p>Jedna od tema je bila i situacija na Kosovu i Metohiji. &#8220;Mogu re\u0107i da sam zadovoljan onim \u0161to smo \u010duli od kolega poslanika u parlamentu Austrije. Siguran sam da oni nisu dovoljno informisani o situaciji na Kosovu i Metohiji. EU stalno u svojim izjavama govori &#8221; obe strane &#8221; kada se govori o KiM, a u stvari u poslednjih osam godina samo jedna, albanska strana, ne po\u0161tuje dogovoreno. Kako mo\u017eemo govoriti o obe strane ako samo jedna strana, kosovski albanci, ta\u010dnije pripadnik specijalne jedinice ROSU pucao je na srpsku decu na Badnji dan, samo zato \u0161to su Srbi i \u0161to su nosili badnjak, to obele\u017eje srpske tradicije i vere. Mi smo se dogovorili da na\u0161im kolegama iz Austrije \u0161aljemo ta\u010dne i proverene informacije o doga\u0111ajima na Kosovu i Metohiji. Mi ho\u0107emo kompromis ali ne mo\u017eemo da se odreknemo na\u0161e teritorije i na\u0161eg identiteta&#8221; rekao je Markovi\u0107.<\/p>\n<p>&#8220;Predsednik Srbije Aleksandar Vu\u010di\u0107 dobro vodi politiku Srbije i ima ogromnu podr\u0161ku gra\u0111ana Srbije i nama treba Austrija da nam pomogne kako bi Srbija \u0161to pre postala \u010dlan EU, jer mi smo u va\u0161em predsoblju, Srbija je deo EU&#8221; izjavio je Markovi\u0107.<\/p>\n<p>Na sastanku je jedna od tema bila i rat u Ukrajini. &#8221; Dr\u017eava Srbija je osudila doga\u0111aje u Ukrajini, mi smo protiv svake vrste agresije. Mi smo da rat prestane sada i odmah&#8221; rekao je Markovi\u0107.<\/p>\n<p>350 STUDENATA OD 14-16. MARTA BORAVI\u0106E U BE\u010cU<\/p>\n<p>&#8220;\u017delim da informi\u0161em gospo\u0111u Kugler da od 14 &#8211; 16. marta u organizaciji grada Jagodine u Be\u010d dolazi grupa od 350 studenata. Grad je obezbedio donatore za dolazak studenata a planiramo dolazak jo\u0161 jedne grupe studenata i lekara u oktobru mesecu&#8221; izjavio je predsednik Jedinstvene Srbije.<\/p>\n<p>Markovi\u0107 je pozvao doma\u0107ine iz Austrije da posete na\u0161u zemlju i budu gosti Narodne Skup\u0161tine Republike Srbije.<\/p>\n<p>GUDRUN KUGLER : AUSTRIJA JE ZAHVALNA SRBIJI NA POMO\u0106I OKO VIZNE POLITIKE<\/p>\n<p>Predsednica Parlamentarne grupe prijateljstva sa Srbijom gospo\u0111a Gudrun Kugler je rekla da je sastanak sa kolegama iz Srbije bio otvoren i sadr\u017eajan i da ona smatra da je Austrija veliki podr\u017eavalac Srbije na evropskoj putu i Srbiju smatra va\u017enim \u010diniocem na Zapadnom Balkanu kao i da je ekonomska saradnja sa Srbijom va\u017ena za Austriju.<\/p>\n<p>&#8220;Mi u Austriji se radujemo re\u010dima gospodina Vu\u010di\u0107a da je spreman za kompromis po pitanju Kosova, i uverevam vas da \u0107emo kod kosovskih albanaca jasno i glasno osuditi svu nepravdu koja se de\u0161ava srpskoj zajednici na KiM. Veoma smo zahvalni na pomo\u0107i koju nam Srbija pru\u017ea po pitanju azila, tu nam je Srbija od velike pomo\u0107i jer je Austrija na drugom mestu po zahtevima za azil&#8221; rekla je Kugler.<\/p>\n<p>HARALND : SVI OSU\u0110UJU BOMBARDOVANjE UKRAJINE. NE SE\u0106AM SE DA SU TAKO OSU\u0110IVALI BOMBARDOVANjE BEOGRADA<\/p>\n<p>Poslanici iz austrijskog parlamenta su pokazali visok stepen razumevanja za situaciju u kojoj se nalazi Srbija.<\/p>\n<p>Stefan Haralnd, poslanik Slobodarske partije je izjavio &#8220;svi osu\u0111uju bombardovanje Ukrajine a ne se\u0107am se da su tako osu\u0111ivali bombardovanje Beograda vi\u0161e od 70 dana&#8221;.<\/p>\n<p>Delegaciju Narodne Skup\u0161tine Republike Srbije sa\u010dinjava 12 narodnih poslanika \u010dlanova Poslani\u010dke grupe prijateljstva sa Austrijom ne samo iz stranaka vladalu\u0107e ve\u0107ine ve\u0107 i iz redova opozicije. Sastanku je prisustvovao i ambasador Republike Srbije u Austriji Neboj\u0161a Rodi\u0107<\/p>\n","protected":false},"excerpt":{"rendered":"<p>PALMA: NA KOSOVU I METOHIJI SAMO JEDNA STRANA NE PO\u0160TUJE DOGOVORE A TO SU KOSOVSKI ALBANCI Dragan Markovi\u0107 Palma, predsednik Jedinstvene Srbije i narodni poslanik, &hellip; <\/p>\n","protected":false},"author":2,"featured_media":34057,"comment_status":"open","ping_status":"open","sticky":false,"template":"","format":"standard","meta":{"footnotes":""},"categories":[1524,2,1514,13,12],"tags":[209,536,120,585,213],"_links":{"self":[{"href":"https:\/\/centralmedia.rs\/index.php\/wp-json\/wp\/v2\/posts\/34056"}],"collection":[{"href":"https:\/\/centralmedia.rs\/index.php\/wp-json\/wp\/v2\/posts"}],"about":[{"href":"https:\/\/centralmedia.rs\/index.php\/wp-json\/wp\/v2\/types\/post"}],"author":[{"embeddable":true,"href":"https:\/\/centralmedia.rs\/index.php\/wp-json\/wp\/v2\/users\/2"}],"replies":[{"embeddable":true,"href":"https:\/\/centralmedia.rs\/index.php\/wp-json\/wp\/v2\/comments?post=34056"}],"version-history":[{"count":2,"href":"https:\/\/centralmedia.rs\/index.php\/wp-json\/wp\/v2\/posts\/34056\/revisions"}],"predecessor-version":[{"id":34062,"href":"https:\/\/centralmedia.rs\/index.php\/wp-json\/wp\/v2\/posts\/34056\/revisions\/34062"}],"wp:featuredmedia":[{"embeddable":true,"href":"https:\/\/centralmedia.rs\/index.php\/wp-json\/wp\/v2\/media\/34057"}],"wp:attachment":[{"href":"https:\/\/centralmedia.rs\/index.php\/wp-json\/wp\/v2\/media?parent=34056"}],"wp:term":[{"taxonomy":"category","embeddable":true,"href":"https:\/\/centralmedia.rs\/index.php\/wp-json\/wp\/v2\/categories?post=34056"},{"taxonomy":"post_tag","embeddable":true,"href":"https:\/\/centralmedia.rs\/index.php\/wp-json\/wp\/v2\/tags?post=34056"}],"curies":[{"name":"wp","href":"https:\/\/api.w.org\/{rel}","templated":true}]}}