{"id":34071,"date":"2023-01-26T14:11:02","date_gmt":"2023-01-26T13:11:02","guid":{"rendered":"http:\/\/centralmedia.rs\/?p=34071"},"modified":"2023-01-31T08:27:42","modified_gmt":"2023-01-31T07:27:42","slug":"neizmirena-potrazivanja-radnika-fabrike-kablova-35-milijarde","status":"publish","type":"post","link":"https:\/\/centralmedia.rs\/index.php\/2023\/01\/26\/neizmirena-potrazivanja-radnika-fabrike-kablova-35-milijarde\/","title":{"rendered":"NEIZMIRENA POTRA\u017dIVANJA RADNIKA FABRIKE KABLOVA 3,5 MILIJARDE"},"content":{"rendered":"<p>&nbsp;<\/p>\n<p>JAGODINA- Lider Pokreta Dveri Bo\u0161ko Obradovi\u0107 danas je u Jagodini sa predstavnicima Udru\u017eenje radnika i akcionara Holdinga Kablovi apelovao na Vladu Srbije da prona\u0111e re\u0161enje za problem neizmirenih potra\u017eivanja oko 7.000 radnika \u00a0Fabrike kablova koja je u ste\u010daju ve\u0107 vi\u0161e godina, odnosno u postupku UPPR.<\/p>\n<p>-Agencija za privatizaciju je 2015. godine evidentirala preko 82.000 radnika kojima duguju nekada\u0161nja preduze\u0107a. Pro\u0161lo je 8 godina, veliki broj radnika je preminuo, ali i veliki broj jo\u0161 uvek \u010deka, a u Jagodini 7.000 radnika ima ovaj problem. Fabrika kablova ima ogromu imovinu i mogu\u0107e je namirivanje. Kao poslanik pokrenu\u0107u inicijativu da se ovo pitanje kona\u010dno re\u0161i. Ovo nije dnevnopolit\u010dko pitanje, niti vlasti, niti opozicije, ovo je tema koja mu\u010di radnike o\u0161te\u0107ene u privatizacijama iz ranijeg vremena. Trebalo bi da se svi zajedno anga\u017eujemo i re\u0161imo ovo dramati\u010dno pitanje. Aktulena vlast je po\u010dela da re\u0161ava ovo pitanje, ali se negde stalo. Spremni smo da pomognemo u re\u0161avanju ovog pitanja, rekao je Obradovi\u0107.<\/p>\n<div id='gallery-1' class='gallery galleryid-34071 gallery-columns-3 gallery-size-thumbnail'><figure class='gallery-item'>\n\t\t\t<div class='gallery-icon landscape'>\n\t\t\t\t<a href='https:\/\/centralmedia.rs\/index.php\/2023\/01\/26\/neizmirena-potrazivanja-radnika-fabrike-kablova-35-milijarde\/fabrika-kablova1\/'><img loading=\"lazy\" decoding=\"async\" width=\"150\" height=\"150\" src=\"https:\/\/centralmedia.rs\/wp-content\/uploads\/2023\/01\/fabrika-kablova1-150x150.jpg\" class=\"attachment-thumbnail size-thumbnail\" alt=\"\" \/><\/a>\n\t\t\t<\/div><\/figure><figure class='gallery-item'>\n\t\t\t<div class='gallery-icon landscape'>\n\t\t\t\t<a href='https:\/\/centralmedia.rs\/index.php\/2023\/01\/26\/neizmirena-potrazivanja-radnika-fabrike-kablova-35-milijarde\/fabrika-kablova2\/'><img loading=\"lazy\" decoding=\"async\" width=\"150\" height=\"150\" src=\"https:\/\/centralmedia.rs\/wp-content\/uploads\/2023\/01\/fabrika-kablova2-150x150.jpg\" class=\"attachment-thumbnail size-thumbnail\" alt=\"\" \/><\/a>\n\t\t\t<\/div><\/figure><figure class='gallery-item'>\n\t\t\t<div class='gallery-icon landscape'>\n\t\t\t\t<a href='https:\/\/centralmedia.rs\/index.php\/2023\/01\/26\/neizmirena-potrazivanja-radnika-fabrike-kablova-35-milijarde\/fabrika-kablova3\/'><img loading=\"lazy\" decoding=\"async\" width=\"150\" height=\"150\" src=\"https:\/\/centralmedia.rs\/wp-content\/uploads\/2023\/01\/fabrika-kablova3-150x150.jpg\" class=\"attachment-thumbnail size-thumbnail\" alt=\"\" \/><\/a>\n\t\t\t<\/div><\/figure>\n\t\t<\/div>\n\n<p>Ispred Agencije za privatizaciju \u010dlan Nadzornog odbora Fabrike kablova od 2004. godine je profesor predmeta Politi\u010dka ekomonija na Filozofskom fakultetu u Beogradu dr Miodrag Zec koji je ,,veliki\u201c kriti\u010dar vlasti i u javnosti se zala\u017ee za liberalizaciju privrede i ekonomije, me\u0111utim na delu Fabrika kablova je decenijama nere\u0161en problem ,,ni na nebu, ni na zemlji\u201c.<\/p>\n<p>-Grehota je i sramota da radnici do\u0111u do stepena da mole, nego apeluju da se re\u0161i ovaj problem. Konkretni predlozi su dati i treba pokrenuti re\u0161avanje pitanja. Glavnica duga je oko milijardu dinara, a sa kamatama je preko \u00a03,5 milijarde ili 16 odsto vrednosti kapitala Fabike kablova, istakao je predsednik udru\u017eenja Nenad Lazarevi\u0107<\/p>\n","protected":false},"excerpt":{"rendered":"<p>&nbsp; JAGODINA- Lider Pokreta Dveri Bo\u0161ko Obradovi\u0107 danas je u Jagodini sa predstavnicima Udru\u017eenje radnika i akcionara Holdinga Kablovi apelovao na Vladu Srbije da prona\u0111e &hellip; <\/p>\n","protected":false},"author":2,"featured_media":34072,"comment_status":"open","ping_status":"open","sticky":false,"template":"","format":"standard","meta":{"footnotes":""},"categories":[1524,2,1514,13,12],"tags":[515,514,368,58,6116],"_links":{"self":[{"href":"https:\/\/centralmedia.rs\/index.php\/wp-json\/wp\/v2\/posts\/34071"}],"collection":[{"href":"https:\/\/centralmedia.rs\/index.php\/wp-json\/wp\/v2\/posts"}],"about":[{"href":"https:\/\/centralmedia.rs\/index.php\/wp-json\/wp\/v2\/types\/post"}],"author":[{"embeddable":true,"href":"https:\/\/centralmedia.rs\/index.php\/wp-json\/wp\/v2\/users\/2"}],"replies":[{"embeddable":true,"href":"https:\/\/centralmedia.rs\/index.php\/wp-json\/wp\/v2\/comments?post=34071"}],"version-history":[{"count":2,"href":"https:\/\/centralmedia.rs\/index.php\/wp-json\/wp\/v2\/posts\/34071\/revisions"}],"predecessor-version":[{"id":34093,"href":"https:\/\/centralmedia.rs\/index.php\/wp-json\/wp\/v2\/posts\/34071\/revisions\/34093"}],"wp:featuredmedia":[{"embeddable":true,"href":"https:\/\/centralmedia.rs\/index.php\/wp-json\/wp\/v2\/media\/34072"}],"wp:attachment":[{"href":"https:\/\/centralmedia.rs\/index.php\/wp-json\/wp\/v2\/media?parent=34071"}],"wp:term":[{"taxonomy":"category","embeddable":true,"href":"https:\/\/centralmedia.rs\/index.php\/wp-json\/wp\/v2\/categories?post=34071"},{"taxonomy":"post_tag","embeddable":true,"href":"https:\/\/centralmedia.rs\/index.php\/wp-json\/wp\/v2\/tags?post=34071"}],"curies":[{"name":"wp","href":"https:\/\/api.w.org\/{rel}","templated":true}]}}