{"id":34078,"date":"2023-01-27T18:58:06","date_gmt":"2023-01-27T17:58:06","guid":{"rendered":"http:\/\/centralmedia.rs\/?p=34078"},"modified":"2023-01-29T01:15:51","modified_gmt":"2023-01-29T00:15:51","slug":"proslavljen-praznik-svetog-save-u-hilandaru","status":"publish","type":"post","link":"https:\/\/centralmedia.rs\/index.php\/2023\/01\/27\/proslavljen-praznik-svetog-save-u-hilandaru\/","title":{"rendered":"PROSLAVLJEN PRAZNIK SVETOG SAVE U HILANDARU"},"content":{"rendered":"<p>U Svetom manastiru Hilandaru sve\u010dano je proslavljena ktitorska slava, praznik Svetog Save, prvog Arhiepiskopa srpskog.<\/p>\n<div id='gallery-1' class='gallery galleryid-34078 gallery-columns-3 gallery-size-thumbnail'><figure class='gallery-item'>\n\t\t\t<div class='gallery-icon landscape'>\n\t\t\t\t<a href='https:\/\/centralmedia.rs\/index.php\/2023\/01\/27\/proslavljen-praznik-svetog-save-u-hilandaru\/hilandar-9\/'><img loading=\"lazy\" decoding=\"async\" width=\"150\" height=\"150\" src=\"https:\/\/centralmedia.rs\/wp-content\/uploads\/2023\/01\/hilandar-1-150x150.jpg\" class=\"attachment-thumbnail size-thumbnail\" alt=\"\" \/><\/a>\n\t\t\t<\/div><\/figure><figure class='gallery-item'>\n\t\t\t<div class='gallery-icon landscape'>\n\t\t\t\t<a href='https:\/\/centralmedia.rs\/index.php\/2023\/01\/27\/proslavljen-praznik-svetog-save-u-hilandaru\/sveti-sava-4\/'><img loading=\"lazy\" decoding=\"async\" width=\"150\" height=\"150\" src=\"https:\/\/centralmedia.rs\/wp-content\/uploads\/2023\/01\/sveti-sava-1-150x150.jpg\" class=\"attachment-thumbnail size-thumbnail\" alt=\"\" \/><\/a>\n\t\t\t<\/div><\/figure><figure class='gallery-item'>\n\t\t\t<div class='gallery-icon landscape'>\n\t\t\t\t<a href='https:\/\/centralmedia.rs\/index.php\/2023\/01\/27\/proslavljen-praznik-svetog-save-u-hilandaru\/sveti-sava1-2\/'><img loading=\"lazy\" decoding=\"async\" width=\"150\" height=\"150\" src=\"https:\/\/centralmedia.rs\/wp-content\/uploads\/2023\/01\/sveti-sava1-150x150.jpg\" class=\"attachment-thumbnail size-thumbnail\" alt=\"\" \/><\/a>\n\t\t\t<\/div><\/figure>\n\t\t<\/div>\n\n<p>Dan uo\u010di praznika, u manastir su pristigli mnogobrojni gosti, me\u0111u kojima i monasi iz ostalih svetogorskih manastira i eparhija Srpske crkve.<\/p>\n<p>Glavni gost je bio iguman manastira Grigorijata, Visokoprepodobni arhimandrit Hristofor, koji je na\u010dalstvovao prazni\u010dnim bogoslu\u017eenjem, sveno\u0107nim bdenjem i Svetom liturgijom.<\/p>\n<p>Lepoti bogoslu\u017eenja doprineli su pojci iz manastira Grigorijata, kao i hilandarski monasi i pojci iz hora Sveti Simeon Miroto\u010divi.<\/p>\n<p>Nakon Svete liturgije, uprili\u010dena je slavska trpeza u manastirskoj trpezariji<\/p>\n<p>U BESEDI za slavskom trpezom u manastiru Hilandar na Svetoj Gori, iguman Metodije pozvao je danas okupljene vernike i sav verni narod da se pomole za sudbinu Kosova i Metohije, kao i za one koji \u0107e odlu\u010divati o sudbini ju\u017ene srpske pokrajine.<\/p>\n","protected":false},"excerpt":{"rendered":"<p>U Svetom manastiru Hilandaru sve\u010dano je proslavljena ktitorska slava, praznik Svetog Save, prvog Arhiepiskopa srpskog. Dan uo\u010di praznika, u manastir su pristigli mnogobrojni gosti, me\u0111u &hellip; <\/p>\n","protected":false},"author":2,"featured_media":34079,"comment_status":"open","ping_status":"open","sticky":false,"template":"","format":"standard","meta":{"footnotes":""},"categories":[14,12],"tags":[150,3526,2596],"_links":{"self":[{"href":"https:\/\/centralmedia.rs\/index.php\/wp-json\/wp\/v2\/posts\/34078"}],"collection":[{"href":"https:\/\/centralmedia.rs\/index.php\/wp-json\/wp\/v2\/posts"}],"about":[{"href":"https:\/\/centralmedia.rs\/index.php\/wp-json\/wp\/v2\/types\/post"}],"author":[{"embeddable":true,"href":"https:\/\/centralmedia.rs\/index.php\/wp-json\/wp\/v2\/users\/2"}],"replies":[{"embeddable":true,"href":"https:\/\/centralmedia.rs\/index.php\/wp-json\/wp\/v2\/comments?post=34078"}],"version-history":[{"count":1,"href":"https:\/\/centralmedia.rs\/index.php\/wp-json\/wp\/v2\/posts\/34078\/revisions"}],"predecessor-version":[{"id":34082,"href":"https:\/\/centralmedia.rs\/index.php\/wp-json\/wp\/v2\/posts\/34078\/revisions\/34082"}],"wp:featuredmedia":[{"embeddable":true,"href":"https:\/\/centralmedia.rs\/index.php\/wp-json\/wp\/v2\/media\/34079"}],"wp:attachment":[{"href":"https:\/\/centralmedia.rs\/index.php\/wp-json\/wp\/v2\/media?parent=34078"}],"wp:term":[{"taxonomy":"category","embeddable":true,"href":"https:\/\/centralmedia.rs\/index.php\/wp-json\/wp\/v2\/categories?post=34078"},{"taxonomy":"post_tag","embeddable":true,"href":"https:\/\/centralmedia.rs\/index.php\/wp-json\/wp\/v2\/tags?post=34078"}],"curies":[{"name":"wp","href":"https:\/\/api.w.org\/{rel}","templated":true}]}}