{"id":34103,"date":"2023-01-29T01:04:54","date_gmt":"2023-01-29T00:04:54","guid":{"rendered":"http:\/\/centralmedia.rs\/?p=34103"},"modified":"2023-02-03T01:32:41","modified_gmt":"2023-02-03T00:32:41","slug":"svetosavska-akademija-u-svilajncu-2","status":"publish","type":"post","link":"https:\/\/centralmedia.rs\/index.php\/2023\/01\/29\/svetosavska-akademija-u-svilajncu-2\/","title":{"rendered":"SVETOSAVSKA AKADEMIJA U SVILAJNCU"},"content":{"rendered":"<p>&nbsp;<\/p>\n<p>SVILAJNAC- Svetosavska akademija, koja se svake godine odr\u017eava u slavu velikog srpskog praznika Savindana, odr\u017eana je sino\u0107 u Centru za kulturu Svilajnac.<\/p>\n<div id='gallery-1' class='gallery galleryid-34103 gallery-columns-5 gallery-size-thumbnail'><figure class='gallery-item'>\n\t\t\t<div class='gallery-icon landscape'>\n\t\t\t\t<a href='https:\/\/centralmedia.rs\/index.php\/2023\/01\/29\/svetosavska-akademija-u-svilajncu-2\/akademija-19\/'><img loading=\"lazy\" decoding=\"async\" width=\"150\" height=\"150\" src=\"https:\/\/centralmedia.rs\/wp-content\/uploads\/2023\/01\/akademija-150x150.jpg\" class=\"attachment-thumbnail size-thumbnail\" alt=\"\" \/><\/a>\n\t\t\t<\/div><\/figure><figure class='gallery-item'>\n\t\t\t<div class='gallery-icon landscape'>\n\t\t\t\t<a href='https:\/\/centralmedia.rs\/index.php\/2023\/01\/29\/svetosavska-akademija-u-svilajncu-2\/akademija1-5\/'><img loading=\"lazy\" decoding=\"async\" width=\"150\" height=\"150\" src=\"https:\/\/centralmedia.rs\/wp-content\/uploads\/2023\/01\/akademija1-150x150.jpg\" class=\"attachment-thumbnail size-thumbnail\" alt=\"\" \/><\/a>\n\t\t\t<\/div><\/figure><figure class='gallery-item'>\n\t\t\t<div class='gallery-icon landscape'>\n\t\t\t\t<a href='https:\/\/centralmedia.rs\/index.php\/2023\/01\/29\/svetosavska-akademija-u-svilajncu-2\/akademija2-4\/'><img loading=\"lazy\" decoding=\"async\" width=\"150\" height=\"150\" src=\"https:\/\/centralmedia.rs\/wp-content\/uploads\/2023\/01\/akademija2-150x150.jpg\" class=\"attachment-thumbnail size-thumbnail\" alt=\"\" \/><\/a>\n\t\t\t<\/div><\/figure><figure class='gallery-item'>\n\t\t\t<div class='gallery-icon landscape'>\n\t\t\t\t<a href='https:\/\/centralmedia.rs\/index.php\/2023\/01\/29\/svetosavska-akademija-u-svilajncu-2\/akademija4-2\/'><img loading=\"lazy\" decoding=\"async\" width=\"150\" height=\"150\" src=\"https:\/\/centralmedia.rs\/wp-content\/uploads\/2023\/01\/akademija4-150x150.jpg\" class=\"attachment-thumbnail size-thumbnail\" alt=\"\" \/><\/a>\n\t\t\t<\/div><\/figure><figure class='gallery-item'>\n\t\t\t<div class='gallery-icon landscape'>\n\t\t\t\t<a href='https:\/\/centralmedia.rs\/index.php\/2023\/01\/29\/svetosavska-akademija-u-svilajncu-2\/akademija5-2\/'><img loading=\"lazy\" decoding=\"async\" width=\"150\" height=\"150\" src=\"https:\/\/centralmedia.rs\/wp-content\/uploads\/2023\/01\/akademija5-150x150.jpg\" class=\"attachment-thumbnail size-thumbnail\" alt=\"\" \/><\/a>\n\t\t\t<\/div><\/figure>\n\t\t<\/div>\n\n<p>Op\u0161tina Svilajnac tradicionlno obele\u017eava i slavi ima Svetog Save, koje je nepresu\u0161ni izvor inspiracije, podr\u0161ke, utehe i ponosa na svakom polju na\u0161e delatnosti, a pre svega u prosveti, obrazovanju i kulturi.<\/p>\n<p>Predsednik Skup\u0161tine op\u0161tine Svilajnac dr Darko Jevti\u0107 \u010destitao je slavu prosvetnim radnicima i u\u010denicima, podsetio na projekte koje je op\u0161tina radila i radi u oblasti obrazovanja, kao i na nagrade i podr\u0161ku najboljima, i podelio Svetosavske zahvalnice ovogodi\u0161njim dobitnicima, koji su od op\u0161tine Svilajnac, osim priznanja, dobili i poklon \u010destitku u iznosu od 10.000 dinara. Svetosavsku zahvalnicu, kao priznanje ustanovljeno sa idejom da nagradi rezultate pojedinaca, ali ih podstakne i na dalji rad i trud, ove godine dobili su:<\/p>\n<p>JELENA SAVI\u0106, nastavnik elektrotehnike u \u201eSrednjoj \u0161koli\u201c Svilajnac;<\/p>\n<p>RADE \u0110URI\u0106, profesor stru\u010dnih predmeta iz oblasti poljoprivrede u Poljoprivredno-veterinarskoj \u0161koli sa domom u\u010denika Svilajnac;<\/p>\n<p>SNE\u017dANA JOVANOVI\u0106 \u0110OR\u0110EVI\u0106, profesor razredne nastavi u O\u0160 \u201eJovan Jovanovi\u0107 Zmaj\u201c Svilajnac;<\/p>\n<p>SA\u0160A VI\u0106ENTIJEVI\u0106, nastavnik muzi\u010dke kulture u O\u0160 \u201eVo\u017ed Kara\u0111or\u0111e\u201c Ku\u0161iljevo;<\/p>\n<p>TATJANA \u017dIVANOVI\u0106, profesor razredne nastave u O\u0160 \u201eBranko Radi\u010devi\u0107\u201c Sedlare;<\/p>\n<p>DANIJEL OBI\u0110ANOVI\u0106, nastanik geografije u O\u0160 \u201eStevan Sin\u0111eli\u0107\u201c Vojska;<\/p>\n<p>JELENA VUJINOVI\u0106, vaspita\u010d u PU \u201eDe\u010dja radost\u201c Svilajnac;<\/p>\n<p>BOJANA FILIPOVI\u0106, medicinska sestra-vaspita\u010d u PU \u201eDe\u010dja radost\u201c Svilajnac.<\/p>\n<p>Od najboljih u\u010denika nagra\u0111eni su: AN\u0110ELA NIKOLI\u0106, u\u010denica \u010detvrtog razreda<\/p>\n<p>i KATARINA STANOJEVI\u0106, u\u010denica \u010detvrtog razreda gimnazije.<\/p>\n<p>Najbolji u\u010denici srednjih \u0161kola iz Svilajnca dobili su na poklon i po laptop od kompanije \u201eVisan\u201c.<\/p>\n<p>Ovogodi\u0161nju Svetosavsku akademiju svojim nastupima upotpunili su peva\u010dka grupa \u201eSin\u0111eli\u0107\u201c i de\u010diji ansambl KUD \u201eKu\u0161iljevo\u201c, a nastupali su u\u010denici osnovnih i srednjih \u0161kola, kao i pred\u0161kolci PU &#8220;De\u010dja radost&#8221; Svilajnac.<\/p>\n","protected":false},"excerpt":{"rendered":"<p>&nbsp; SVILAJNAC- Svetosavska akademija, koja se svake godine odr\u017eava u slavu velikog srpskog praznika Savindana, odr\u017eana je sino\u0107 u Centru za kulturu Svilajnac. Op\u0161tina Svilajnac &hellip; <\/p>\n","protected":false},"author":2,"featured_media":34104,"comment_status":"open","ping_status":"open","sticky":false,"template":"","format":"standard","meta":{"footnotes":""},"categories":[14,1524,2,12,1517],"tags":[501,38],"_links":{"self":[{"href":"https:\/\/centralmedia.rs\/index.php\/wp-json\/wp\/v2\/posts\/34103"}],"collection":[{"href":"https:\/\/centralmedia.rs\/index.php\/wp-json\/wp\/v2\/posts"}],"about":[{"href":"https:\/\/centralmedia.rs\/index.php\/wp-json\/wp\/v2\/types\/post"}],"author":[{"embeddable":true,"href":"https:\/\/centralmedia.rs\/index.php\/wp-json\/wp\/v2\/users\/2"}],"replies":[{"embeddable":true,"href":"https:\/\/centralmedia.rs\/index.php\/wp-json\/wp\/v2\/comments?post=34103"}],"version-history":[{"count":1,"href":"https:\/\/centralmedia.rs\/index.php\/wp-json\/wp\/v2\/posts\/34103\/revisions"}],"predecessor-version":[{"id":34110,"href":"https:\/\/centralmedia.rs\/index.php\/wp-json\/wp\/v2\/posts\/34103\/revisions\/34110"}],"wp:featuredmedia":[{"embeddable":true,"href":"https:\/\/centralmedia.rs\/index.php\/wp-json\/wp\/v2\/media\/34104"}],"wp:attachment":[{"href":"https:\/\/centralmedia.rs\/index.php\/wp-json\/wp\/v2\/media?parent=34103"}],"wp:term":[{"taxonomy":"category","embeddable":true,"href":"https:\/\/centralmedia.rs\/index.php\/wp-json\/wp\/v2\/categories?post=34103"},{"taxonomy":"post_tag","embeddable":true,"href":"https:\/\/centralmedia.rs\/index.php\/wp-json\/wp\/v2\/tags?post=34103"}],"curies":[{"name":"wp","href":"https:\/\/api.w.org\/{rel}","templated":true}]}}