{"id":34111,"date":"2023-01-29T01:09:08","date_gmt":"2023-01-29T00:09:08","guid":{"rendered":"http:\/\/centralmedia.rs\/?p=34111"},"modified":"2023-02-03T01:32:24","modified_gmt":"2023-02-03T00:32:24","slug":"svetosavska-akademija-u-jagodini-2","status":"publish","type":"post","link":"https:\/\/centralmedia.rs\/index.php\/2023\/01\/29\/svetosavska-akademija-u-jagodini-2\/","title":{"rendered":"SVETOSAVSKA AKADEMIJA U JAGODINI"},"content":{"rendered":"<p>&nbsp;<\/p>\n<p>JAGODINA-Njegovo Preosve\u0161tenstvo Episkop \u0161umadijski gospodin Jovan tradicionalno je slu\u017eio sve\u010dano prazni\u010dno bdenije u Jagodini uo\u010di praznika prvog srpskog arhiepiskopa i prosvetitelja, Svetog oca na\u0161eg Save svepravoslavnog.<\/p>\n<div id='gallery-1' class='gallery galleryid-34111 gallery-columns-3 gallery-size-thumbnail'><figure class='gallery-item'>\n\t\t\t<div class='gallery-icon landscape'>\n\t\t\t\t<a href='https:\/\/centralmedia.rs\/index.php\/2023\/01\/29\/svetosavska-akademija-u-jagodini-2\/%d0%b01\/'><img loading=\"lazy\" decoding=\"async\" width=\"150\" height=\"150\" src=\"https:\/\/centralmedia.rs\/wp-content\/uploads\/2023\/01\/\u04301-150x150.jpg\" class=\"attachment-thumbnail size-thumbnail\" alt=\"\" \/><\/a>\n\t\t\t<\/div><\/figure><figure class='gallery-item'>\n\t\t\t<div class='gallery-icon landscape'>\n\t\t\t\t<a href='https:\/\/centralmedia.rs\/index.php\/2023\/01\/29\/svetosavska-akademija-u-jagodini-2\/%d0%b02\/'><img loading=\"lazy\" decoding=\"async\" width=\"150\" height=\"150\" src=\"https:\/\/centralmedia.rs\/wp-content\/uploads\/2023\/01\/\u04302-150x150.jpg\" class=\"attachment-thumbnail size-thumbnail\" alt=\"\" \/><\/a>\n\t\t\t<\/div><\/figure><figure class='gallery-item'>\n\t\t\t<div class='gallery-icon landscape'>\n\t\t\t\t<a href='https:\/\/centralmedia.rs\/index.php\/2023\/01\/29\/svetosavska-akademija-u-jagodini-2\/%d0%b0\/'><img loading=\"lazy\" decoding=\"async\" width=\"150\" height=\"150\" src=\"https:\/\/centralmedia.rs\/wp-content\/uploads\/2023\/01\/\u0430-150x150.jpg\" class=\"attachment-thumbnail size-thumbnail\" alt=\"\" \/><\/a>\n\t\t\t<\/div><\/figure>\n\t\t<\/div>\n\n<p>Verni narod se okupio u crkvi Prepodobne majke Paraskeve da sa svojim Episkopom, sve\u0161tenstvom i mona\u0161tvom zapo\u010dne proslavu najve\u0107eg srpskog praznika. Preosve\u0107enom arhijereju su saslu\u017eivali pre\u010dasni i prepodobni oci: jeromonah Pajsije (Ili\u0107) , protojerej Aleksandar Gaji\u0107, jereji Milan \u0110or\u0111evi\u0107, Nemanja Stefanovi\u0107, Sr\u0111an Danguzovi\u0107; \u0111akoni Ivan Ga\u0161i\u0107 i Dalibor Ni\u0107iforovi\u0107 sa \u010dte\u010devima i sve\u0161teni\u010dkim horom Arhijerejskog namesni\u0161tva beli\u010dkog sa protom Zoranom Simonovi\u0107em na \u010delu.<\/p>\n<p>Preosve\u0107eni vladika se u besedi obratio Crkvi Bo\u017eijoj okupljenoj oko njega:<\/p>\n<p>\u201cDraga bra\u0107o i sestre, ovu slu\u017ebu koju smo ovde slu\u017eili u slavu Bo\u017eiju, a u \u010dast Svetoga Oca na\u0161ega Save, prvog arhiepiskopa i prosvetitelja srpskoga. Sveti Sava, bra\u0107o i sestre, kao \u0161to vi to dobro znate, on je po mnogo \u010demu veliki u rodu na\u0161emu. On je veliki po tome \u0161to je on upravo spoznao Hrista i Hrista zavoleo, Hrista smestio u svoje srce, Hristom mislio, Hristom \u017eiveo, Hristom radio. On je veliki po tome \u0161to je rod na\u0161 Duhom Svetim krstio i \u0161to nam je darovao veru Hristovu, \u0161to nam je dao veru pravoslavnu, da se nazivamo pravoslavni Srbi, pravoslavni ljudi. Jer ako uzmemo prilike onoga vremena u kome je \u017eiveo Sveti Sava i pogotovo jo\u0161 malo pre njega, da nije bilo Svetoga Save, ko zna, bra\u0107o i sestre, koju bismo mi veru danas ispovedali. Ko zna kakvim bismo se mi imenom danas zvali. Ali ni\u0161ta ne biva bez promisla Bo\u017eijeg. Zato je veliki promisao Bo\u017eiji i veliki dar rodu ljudskome i rodu srpskome \u0161to nam je darovao jednog takvog prosvetitelja. takvoga koga po\u0161tuju ne samo Srbi, i slave, i mole mu se, nego mnogi, mnogi pravoslavni, pa \u010dak i oni koji nisu pravoslavni. Za Svetoga Savu svaki je \u010dovek bio jednak, on je voleo svakoga \u010doveka. I to su ose\u0107ali i oni kada je i\u0161ao tamo po Turskoj, kada je i\u0161ao dole na Istok, oni su osetili da on ima ljubav bez obzira da li su bili ovi ili oni narodi, ovakav ili onakav \u010dovek, on je nosio ljubav u sebi. A za\u0161to? \u2013 Zato \u0161to je \u017eiveo ljubavlju Hristovom i \u0161to je Hristovom ljubavlju bio obasjan. A imati ljubav prema nekome zna\u010di nekoga voleti, imati ljubav prema nekome zna\u010di \u017ertvovati se za onoga koga voli\u0161, a znao je Sveti Sava da se Gospod \u017ertvovao za nas, radi opra\u0161tanja na\u0161ih grehova. I on se zaista, bra\u0107o i sestre, \u017ertvovao za rod ljudski. On je zaista \u017eeleo da Hrista unese u svakog \u010doveka, da Hrista unese u svaku srpsku ku\u0107u, da Hrista predstavi svakome \u010doveku da shvati da bez Hrista i vere u Boga nema nam ni \u017eivota. Zato mi treba da se radujemo i da budemo Bogu zahvalni, Bogu blagodarni \u0161to nam je dao takvog \u010doveka, takvog svetitelja, bra\u0107o i sestre, da nam podari Crkvu, da imamo Crkvu svoju. Da nije bilo njega ne znam da li bi srpski narod imao svoju pomesnu Crkvu, bra\u0107o i sestre. Ali on je znao da bez Crkve nema naroda. To je znao i njegov otac Stefan Nemanja, potonji Sveti Simeon Miroto\u010divi. On je znao da je dr\u017eava telo, ali u telu treba da bude du\u0161a. I zato je osnovao Crkvu kao du\u0161u. I zaista, bra\u0107o i sestre, dok je du\u0161a u telu telo \u017eivi, telo nosi, telo hodi; ali kad se du\u0161a odvoji od tela, telo umire. A isto tako i du\u0161a umire kada se odvoji od Hrista. To je upravo u\u010dio Sveti Sava srpski narod. On je put koji nam je proputio da nemamo kud potrebe da lutamo ili da istra\u017eujemo neke svoje puteve, bra\u0107o i sestre. Zato se i ka\u017ee u njegovom troparu da je put koji vodi u \u017eivot. Ali koji \u017eivot? \u2013 Ne onaj \u017eivot koji mnogi zami\u0161ljaju da je \u017eivot, da se sastoji u ovome ili u onome. \u017divot se sastoji u \u010distoti. \u017divot se sastoji u veri. \u017divot se sastoji u ljubavi. \u017divot se sastoji u davanju, bra\u0107o i sestre. Veli\u010dina je u davanju, a ne u uzimanju. Zato mi da se molimo Bogu kao \u0161to su se molili na\u0161i preci Svetom Savi i ostalim srpskim svetiteljima da nas \u010duvaju, da nas sa\u010duvaju kao pravoslavne, da nas sa\u010duvaju kao Srbe. Vremena su ozbiljna, kao \u0161to vi to bolje znate od mene, i nema nam pomo\u0107i ako prvo ne zavapimo Bogu da nam On koji je svemogu\u0107i i sveznaju\u0107i, da nam On pomogne. Da zavapimo na\u0161em Svetom Savi i ostalim svetiteljima na\u0161im i svetiteljima i ugodnicima Bo\u017eijim da nas, bra\u0107o i sestre, pomognu da ne skrenemo sa puta. Jer ko skrene s puta on je nad provaliju se naneo, \u0161to bi se reklo. A iz provalije mo\u017ee li \u010dovek lako da iza\u0111e? &#8211; Ne mo\u017ee bez pomo\u0107i. Pa i mi ako nekad padnemo kao ljudi, kad smo slabi, kad smo nemo\u0107ni, zatra\u017eimo opro\u0161taj od Boga. Zatra\u017eimo, molimo se. Ali i verujmo. Zato budimo sre\u0107ni \u0161to nam je Bog dao ovakvog prosvetitelja i u\u010ditelja. Mnogi narodi, bra\u0107o i sestre, uvek su govorili, vekovima u nazad, da su imali takvog \u010doveka ispred sebe, ka\u017ee: Gde bi nam bio kraj? A na\u0161 kraj treba da bude u Bogu. Na\u0161 kraj treba da bude u ljubavi, u slozi, u miru. Neka ste sre\u0107ni! Neka je sre\u0107na slava! Svesrpska slava i \u0161kolska i svesrpskoga naroda Sveti Sava. I neka Sveti Sava nas sve krili, zakriljuje i neka se moli. Ali on se moli za nas. Ali da i mi molimo njega da se on moli za nas. Bog vas blagoslovio!\u201d<\/p>\n<p>Nakon ve\u010dere ljubavi uprili\u010dene za sve direktore osnovnih i srednjih \u0161kola u Jagodini, svi su se uputili u Kulturni centar \u201cSvetozar Markovi\u0107\u201d gde je odr\u017eana tradicionalna gradska Svetosavska akademija koju prire\u0111uju verou\u010ditelji i nastavnici jagodinskih osnovnih i srednjih \u0161kola.<\/p>\n<p>U sklopu akademije Preosve\u0107eni vladika je dodelio vredne nagrade u\u010denicima srednjih \u0161kola Jagodine koji su ih osvojili u proteklom periodu.Na likovnom konkursu \u201cLjubodrag Jankovi\u0107 Jale\u201d fondacije Mihajlovi\u0107 Feniks ravnopravnu 2. nagradu osvojile su u\u010denice Elektrotehni\u010dke i gra\u0111evinske \u0161kole Nikola Tesla:Ena Cvetkovi\u0107 iz odeljenja E13 i Jovana Jovanovi\u0107 iz odeljenja G32.U\u010denica iste \u0161kole osvojila je i 1. nagradu. To je Jana Mili\u0107 iz odeljenja G42. Na literarnom konkursu 1. nagradu ravnopravno su podelili u\u010denik Gimnazije Svetozar Markovi\u0107, Luka Marjanovi\u0107 iz odeljenja 3\/5, i u\u010denik EG\u0160 Nikola Tesla, Tadija Vi\u0161njevac, iz odeljenja E23. Sve dana\u0161nje doga\u0111aje uveli\u010dao je svojim prisustvom i gradona\u010delnik Jagodine Ratko Stevanovi\u0107.<\/p>\n","protected":false},"excerpt":{"rendered":"<p>&nbsp; JAGODINA-Njegovo Preosve\u0161tenstvo Episkop \u0161umadijski gospodin Jovan tradicionalno je slu\u017eio sve\u010dano prazni\u010dno bdenije u Jagodini uo\u010di praznika prvog srpskog arhiepiskopa i prosvetitelja, Svetog oca na\u0161eg &hellip; <\/p>\n","protected":false},"author":2,"featured_media":34112,"comment_status":"open","ping_status":"open","sticky":false,"template":"","format":"standard","meta":{"footnotes":""},"categories":[14,1524,2,1514,12],"tags":[58,501],"_links":{"self":[{"href":"https:\/\/centralmedia.rs\/index.php\/wp-json\/wp\/v2\/posts\/34111"}],"collection":[{"href":"https:\/\/centralmedia.rs\/index.php\/wp-json\/wp\/v2\/posts"}],"about":[{"href":"https:\/\/centralmedia.rs\/index.php\/wp-json\/wp\/v2\/types\/post"}],"author":[{"embeddable":true,"href":"https:\/\/centralmedia.rs\/index.php\/wp-json\/wp\/v2\/users\/2"}],"replies":[{"embeddable":true,"href":"https:\/\/centralmedia.rs\/index.php\/wp-json\/wp\/v2\/comments?post=34111"}],"version-history":[{"count":1,"href":"https:\/\/centralmedia.rs\/index.php\/wp-json\/wp\/v2\/posts\/34111\/revisions"}],"predecessor-version":[{"id":34115,"href":"https:\/\/centralmedia.rs\/index.php\/wp-json\/wp\/v2\/posts\/34111\/revisions\/34115"}],"wp:featuredmedia":[{"embeddable":true,"href":"https:\/\/centralmedia.rs\/index.php\/wp-json\/wp\/v2\/media\/34112"}],"wp:attachment":[{"href":"https:\/\/centralmedia.rs\/index.php\/wp-json\/wp\/v2\/media?parent=34111"}],"wp:term":[{"taxonomy":"category","embeddable":true,"href":"https:\/\/centralmedia.rs\/index.php\/wp-json\/wp\/v2\/categories?post=34111"},{"taxonomy":"post_tag","embeddable":true,"href":"https:\/\/centralmedia.rs\/index.php\/wp-json\/wp\/v2\/tags?post=34111"}],"curies":[{"name":"wp","href":"https:\/\/api.w.org\/{rel}","templated":true}]}}