{"id":3414,"date":"2016-06-15T08:42:18","date_gmt":"2016-06-15T08:42:18","guid":{"rendered":"http:\/\/centralmedia.rs\/?p=3414"},"modified":"2017-01-20T02:05:35","modified_gmt":"2017-01-20T02:05:35","slug":"partizanovci-zvezdasi-zaigrali-u-istom-timu","status":"publish","type":"post","link":"https:\/\/centralmedia.rs\/index.php\/2016\/06\/15\/partizanovci-zvezdasi-zaigrali-u-istom-timu\/","title":{"rendered":"PARTIZANOVCI I ZVEZDA\u0160I ZAIGRALI U ISTOM TIMU"},"content":{"rendered":"<p>foto Milorad Mijajlovi\u0107<\/p>\n<p>JAGODINA-Fudbalske legend Partizana i Crvene zvezde zaigrale su istom timu, a sa druge strane bili su \u0107uprijski i para\u0107inski veterani na manifestaciji Srpske sportske legende u Sisevcu kod \u0106uprije. Rezultat je bio u drugom planu, jer je ,,tre\u0107e\u201d poluvreme bilo aktulenije. Dejan Rambo Petkovi\u0107, Milo\u0161 \u0160esti\u0107,\u00a0\u00a0 \u00a0Aleksandar Trifunovi\u0107 i Ratko Borovnica pokazali su da fudbalsko ume\u0107e ne bledi sa godinama.<\/p>\n<p>-Nisam ni znao da \u0107u igrati u me\u0161ovitoj ekipi Partizana i Zvezde. Ovo je dru\u017eenje i tu nema rivalstva kao na sportskim terenima. Najbitnije je da smo se videli, podsetili na uspomene i mladost.\u00a0\u00a0 Fenomenalna priroda i prelep do\u017eivljaj. Veliki broj dece i porodica na jednom mestu, rekao je Petkovi\u0107.<\/p>\n<div id='gallery-1' class='gallery galleryid-3414 gallery-columns-2 gallery-size-thumbnail'><figure class='gallery-item'>\n\t\t\t<div class='gallery-icon landscape'>\n\t\t\t\t<a href='https:\/\/centralmedia.rs\/index.php\/2016\/06\/15\/partizanovci-zvezdasi-zaigrali-u-istom-timu\/srpske-legende-4-cuprija-m-m\/'><img loading=\"lazy\" decoding=\"async\" width=\"150\" height=\"150\" src=\"https:\/\/centralmedia.rs\/wp-content\/uploads\/2016\/06\/srpske-legende-4-cuprija-m.m.-150x150.jpg\" class=\"attachment-thumbnail size-thumbnail\" alt=\"\" \/><\/a>\n\t\t\t<\/div><\/figure><figure class='gallery-item'>\n\t\t\t<div class='gallery-icon portrait'>\n\t\t\t\t<a href='https:\/\/centralmedia.rs\/index.php\/2016\/06\/15\/partizanovci-zvezdasi-zaigrali-u-istom-timu\/srpske-legende-3-cuprija-m-m\/'><img loading=\"lazy\" decoding=\"async\" width=\"150\" height=\"150\" src=\"https:\/\/centralmedia.rs\/wp-content\/uploads\/2016\/06\/srpske-legende-3-cuprija-m.m.-150x150.jpg\" class=\"attachment-thumbnail size-thumbnail\" alt=\"\" \/><\/a>\n\t\t\t<\/div><\/figure><figure class='gallery-item'>\n\t\t\t<div class='gallery-icon landscape'>\n\t\t\t\t<a href='https:\/\/centralmedia.rs\/index.php\/2016\/06\/15\/partizanovci-zvezdasi-zaigrali-u-istom-timu\/srpske-legende-2-cuprija-m-m\/'><img loading=\"lazy\" decoding=\"async\" width=\"150\" height=\"150\" src=\"https:\/\/centralmedia.rs\/wp-content\/uploads\/2016\/06\/srpske-legende-2-cuprija-m.m.-150x150.jpg\" class=\"attachment-thumbnail size-thumbnail\" alt=\"\" \/><\/a>\n\t\t\t<\/div><\/figure><figure class='gallery-item'>\n\t\t\t<div class='gallery-icon landscape'>\n\t\t\t\t<a href='https:\/\/centralmedia.rs\/index.php\/2016\/06\/15\/partizanovci-zvezdasi-zaigrali-u-istom-timu\/srpske-legende-1-cuprija-m-m\/'><img loading=\"lazy\" decoding=\"async\" width=\"150\" height=\"150\" src=\"https:\/\/centralmedia.rs\/wp-content\/uploads\/2016\/06\/srpske-legende-1-cuprija-m.m.-150x150.jpg\" class=\"attachment-thumbnail size-thumbnail\" alt=\"\" \/><\/a>\n\t\t\t<\/div><\/figure>\n\t\t<\/div>\n\n<p>-Mi smo drugari ve\u0107 \u010detrdesetak godina. To je pravo dru\u017eenje sa prijateljima. Mislim da treba da bude tako. Ovi novokomponovani ne shvataju to, mislim da treba da se dru\u017eimo. Ovo je pravo sportsko dru\u017eenje, pri\u010da \u00a0Triufnovi\u0107.<\/p>\n<p>Organizatori manifestacije najavljuju da \u0107e naredne godine u Sisevcu okupiti Srpske sportske legend iz svih sportova.<\/p>\n<p><strong><em>Pozitivni primeri Razglednica iz <\/em><\/strong><strong><em>\u0106uprije<\/em><\/strong><strong><em> \u2013 Projekat se realizuje uz pomo\u0107 sredstava iz bud\u017eeta Op\u0161tine \u0106uprija.<\/em><\/strong><\/p>\n<p>&nbsp;<\/p>\n","protected":false},"excerpt":{"rendered":"<p>foto Milorad Mijajlovi\u0107 JAGODINA-Fudbalske legend Partizana i Crvene zvezde zaigrale su istom timu, a sa druge strane bili su \u0107uprijski i para\u0107inski veterani na manifestaciji &hellip; <\/p>\n","protected":false},"author":4,"featured_media":3415,"comment_status":"open","ping_status":"open","sticky":false,"template":"","format":"standard","meta":{"footnotes":""},"categories":[1515,1524,2,887,21],"tags":[44,890,889,888],"_links":{"self":[{"href":"https:\/\/centralmedia.rs\/index.php\/wp-json\/wp\/v2\/posts\/3414"}],"collection":[{"href":"https:\/\/centralmedia.rs\/index.php\/wp-json\/wp\/v2\/posts"}],"about":[{"href":"https:\/\/centralmedia.rs\/index.php\/wp-json\/wp\/v2\/types\/post"}],"author":[{"embeddable":true,"href":"https:\/\/centralmedia.rs\/index.php\/wp-json\/wp\/v2\/users\/4"}],"replies":[{"embeddable":true,"href":"https:\/\/centralmedia.rs\/index.php\/wp-json\/wp\/v2\/comments?post=3414"}],"version-history":[{"count":0,"href":"https:\/\/centralmedia.rs\/index.php\/wp-json\/wp\/v2\/posts\/3414\/revisions"}],"wp:featuredmedia":[{"embeddable":true,"href":"https:\/\/centralmedia.rs\/index.php\/wp-json\/wp\/v2\/media\/3415"}],"wp:attachment":[{"href":"https:\/\/centralmedia.rs\/index.php\/wp-json\/wp\/v2\/media?parent=3414"}],"wp:term":[{"taxonomy":"category","embeddable":true,"href":"https:\/\/centralmedia.rs\/index.php\/wp-json\/wp\/v2\/categories?post=3414"},{"taxonomy":"post_tag","embeddable":true,"href":"https:\/\/centralmedia.rs\/index.php\/wp-json\/wp\/v2\/tags?post=3414"}],"curies":[{"name":"wp","href":"https:\/\/api.w.org\/{rel}","templated":true}]}}