{"id":34141,"date":"2023-02-01T15:41:40","date_gmt":"2023-02-01T14:41:40","guid":{"rendered":"http:\/\/centralmedia.rs\/?p=34141"},"modified":"2023-02-10T02:50:05","modified_gmt":"2023-02-10T01:50:05","slug":"ministarka-dedovic-posetila-senjski-rudnik","status":"publish","type":"post","link":"https:\/\/centralmedia.rs\/index.php\/2023\/02\/01\/ministarka-dedovic-posetila-senjski-rudnik\/","title":{"rendered":"MINISTARKA \u0110EDOVI\u0106 POSETILA SENJSKI RUDNIK"},"content":{"rendered":"<p>&nbsp;<\/p>\n<p>DESPOTOVAC- Ministarka Dubravka \u0110edovi\u0107 posetila je Senjski rudnik kod Despotovca, koji obele\u017eavanja \u00a0170 godina od osnivanja. \u00a0U pratnji direktora i rukovodstva JPPEU Resavica i RMU &#8220;Rembas&#8221;, ministarka je sa pomo\u0107nikom Ivanom Jankovi\u0107em i saradnicima obi\u0161la upravu i spustila se jamu Senjski Rudnik, kao i posetila Muzej ugljarstva, gde se upoznala sa najva\u017enijim momentima u bogatoj istoriji Senjskog Rudnika i njegove okoline.<\/p>\n<div id='gallery-1' class='gallery galleryid-34141 gallery-columns-5 gallery-size-thumbnail'><figure class='gallery-item'>\n\t\t\t<div class='gallery-icon portrait'>\n\t\t\t\t<a href='https:\/\/centralmedia.rs\/index.php\/2023\/02\/01\/ministarka-dedovic-posetila-senjski-rudnik\/minsitarka\/'><img loading=\"lazy\" decoding=\"async\" width=\"150\" height=\"150\" src=\"https:\/\/centralmedia.rs\/wp-content\/uploads\/2023\/02\/minsitarka-150x150.jpg\" class=\"attachment-thumbnail size-thumbnail\" alt=\"\" \/><\/a>\n\t\t\t<\/div><\/figure><figure class='gallery-item'>\n\t\t\t<div class='gallery-icon portrait'>\n\t\t\t\t<a href='https:\/\/centralmedia.rs\/index.php\/2023\/02\/01\/ministarka-dedovic-posetila-senjski-rudnik\/minsitarka1\/'><img loading=\"lazy\" decoding=\"async\" width=\"150\" height=\"150\" src=\"https:\/\/centralmedia.rs\/wp-content\/uploads\/2023\/02\/minsitarka1-150x150.jpg\" class=\"attachment-thumbnail size-thumbnail\" alt=\"\" \/><\/a>\n\t\t\t<\/div><\/figure><figure class='gallery-item'>\n\t\t\t<div class='gallery-icon landscape'>\n\t\t\t\t<a href='https:\/\/centralmedia.rs\/index.php\/2023\/02\/01\/ministarka-dedovic-posetila-senjski-rudnik\/minsitarka3\/'><img loading=\"lazy\" decoding=\"async\" width=\"150\" height=\"150\" src=\"https:\/\/centralmedia.rs\/wp-content\/uploads\/2023\/02\/minsitarka3-150x150.jpg\" class=\"attachment-thumbnail size-thumbnail\" alt=\"\" \/><\/a>\n\t\t\t<\/div><\/figure><figure class='gallery-item'>\n\t\t\t<div class='gallery-icon portrait'>\n\t\t\t\t<a href='https:\/\/centralmedia.rs\/index.php\/2023\/02\/01\/ministarka-dedovic-posetila-senjski-rudnik\/minsitarka4\/'><img loading=\"lazy\" decoding=\"async\" width=\"150\" height=\"150\" src=\"https:\/\/centralmedia.rs\/wp-content\/uploads\/2023\/02\/minsitarka4-150x150.jpg\" class=\"attachment-thumbnail size-thumbnail\" alt=\"\" \/><\/a>\n\t\t\t<\/div><\/figure><figure class='gallery-item'>\n\t\t\t<div class='gallery-icon landscape'>\n\t\t\t\t<a href='https:\/\/centralmedia.rs\/index.php\/2023\/02\/01\/ministarka-dedovic-posetila-senjski-rudnik\/minsitarka2\/'><img loading=\"lazy\" decoding=\"async\" width=\"150\" height=\"150\" src=\"https:\/\/centralmedia.rs\/wp-content\/uploads\/2023\/02\/minsitarka2-150x150.jpg\" class=\"attachment-thumbnail size-thumbnail\" alt=\"\" \/><\/a>\n\t\t\t<\/div><\/figure>\n\t\t<\/div>\n\n","protected":false},"excerpt":{"rendered":"<p>&nbsp; DESPOTOVAC- Ministarka Dubravka \u0110edovi\u0107 posetila je Senjski rudnik kod Despotovca, koji obele\u017eavanja \u00a0170 godina od osnivanja. \u00a0U pratnji direktora i rukovodstva JPPEU Resavica i &hellip; <\/p>\n","protected":false},"author":2,"featured_media":34142,"comment_status":"open","ping_status":"open","sticky":false,"template":"","format":"standard","meta":{"footnotes":""},"categories":[1518,1524,2,13,12],"tags":[6078,590],"_links":{"self":[{"href":"https:\/\/centralmedia.rs\/index.php\/wp-json\/wp\/v2\/posts\/34141"}],"collection":[{"href":"https:\/\/centralmedia.rs\/index.php\/wp-json\/wp\/v2\/posts"}],"about":[{"href":"https:\/\/centralmedia.rs\/index.php\/wp-json\/wp\/v2\/types\/post"}],"author":[{"embeddable":true,"href":"https:\/\/centralmedia.rs\/index.php\/wp-json\/wp\/v2\/users\/2"}],"replies":[{"embeddable":true,"href":"https:\/\/centralmedia.rs\/index.php\/wp-json\/wp\/v2\/comments?post=34141"}],"version-history":[{"count":1,"href":"https:\/\/centralmedia.rs\/index.php\/wp-json\/wp\/v2\/posts\/34141\/revisions"}],"predecessor-version":[{"id":34147,"href":"https:\/\/centralmedia.rs\/index.php\/wp-json\/wp\/v2\/posts\/34141\/revisions\/34147"}],"wp:featuredmedia":[{"embeddable":true,"href":"https:\/\/centralmedia.rs\/index.php\/wp-json\/wp\/v2\/media\/34142"}],"wp:attachment":[{"href":"https:\/\/centralmedia.rs\/index.php\/wp-json\/wp\/v2\/media?parent=34141"}],"wp:term":[{"taxonomy":"category","embeddable":true,"href":"https:\/\/centralmedia.rs\/index.php\/wp-json\/wp\/v2\/categories?post=34141"},{"taxonomy":"post_tag","embeddable":true,"href":"https:\/\/centralmedia.rs\/index.php\/wp-json\/wp\/v2\/tags?post=34141"}],"curies":[{"name":"wp","href":"https:\/\/api.w.org\/{rel}","templated":true}]}}