{"id":34162,"date":"2023-02-06T12:53:31","date_gmt":"2023-02-06T11:53:31","guid":{"rendered":"http:\/\/centralmedia.rs\/?p=34162"},"modified":"2023-02-13T13:12:59","modified_gmt":"2023-02-13T12:12:59","slug":"jagodinac-lazar-kovacevic-najbolji-strelac-srbije-i-10-u-svetu-za-2022-godinu-u-kategoriji-vazdusna-puska","status":"publish","type":"post","link":"https:\/\/centralmedia.rs\/index.php\/2023\/02\/06\/jagodinac-lazar-kovacevic-najbolji-strelac-srbije-i-10-u-svetu-za-2022-godinu-u-kategoriji-vazdusna-puska\/","title":{"rendered":"JAGODINAC LAZAR KOVA\u010cEVI\u0106 NAJBOLJI STRELAC SRBIJE I 10. U SVETU ZA 2022. GODINU U KATEGORIJI VAZDU\u0160NA PU\u0160KA"},"content":{"rendered":"<p>JAGODINA- Predsednik skup\u0161tine grada Jagodina Dragan Markovi\u0107 Palma danas je primio Lazara Kova\u010devi\u0107a, \u010dlana strelja\u010dkog kluba ,,Jagodina 92&#8243;, koga je Strelja\u010dki savez Srbije proglasio\u00a0 za najboljeg seniora u kategoriji vazdu\u0161na pu\u0161ka. On je na svetskoj listi najboljih strelaca iz vazdu\u0161ne pu\u0161ke na 10. mestu.<\/p>\n<p>U protekloj godini on je kao \u010dlan\u00a0 reprezentacije Srbije osvojio:<\/p>\n<p>-Zlatnu medalju pojedina\u010dno na Svetskom kupu u Bakuu, Azerbejd\u017ean.<\/p>\n<p>-Srebrnu medalju u paru sa Andreom Arsovi\u0107 na istom takmi\u010denju,<\/p>\n<p>-Bronzanu medalju ekipno na Svetskom prvenstvu u Kairu, Egipat<\/p>\n<p>-Srebrnu medalju u paru sa Andreom Arsovi\u0107 na Evropskom prvenstvu u Norve\u0161koj.<\/p>\n<p>-Srebrnu medalju na Mediteranskim igrama u Al\u017eiru.<\/p>\n<p>Cilj mu je za ovu godinu da ostvri normu za plasman na Olimpijske igre u Parizu 2024. godine.<\/p>\n<p>Grad Jagodina mu je pre dve godine kupio savremenu pu\u0161ku i specijalno strelja\u010dko odelo, uz redovnu stipendiju.<\/p>\n<p>Najavljen je zavr\u0161etak izgradnje Streli\u0161ta po standardima za me\u0111unarodna takmi\u010denja<\/p>\n","protected":false},"excerpt":{"rendered":"<p>JAGODINA- Predsednik skup\u0161tine grada Jagodina Dragan Markovi\u0107 Palma danas je primio Lazara Kova\u010devi\u0107a, \u010dlana strelja\u010dkog kluba ,,Jagodina 92&#8243;, koga je Strelja\u010dki savez Srbije proglasio\u00a0 za &hellip; <\/p>\n","protected":false},"author":2,"featured_media":34163,"comment_status":"open","ping_status":"open","sticky":false,"template":"","format":"standard","meta":{"footnotes":""},"categories":[1524,2,1514,21,12],"tags":[5759,120,5760],"_links":{"self":[{"href":"https:\/\/centralmedia.rs\/index.php\/wp-json\/wp\/v2\/posts\/34162"}],"collection":[{"href":"https:\/\/centralmedia.rs\/index.php\/wp-json\/wp\/v2\/posts"}],"about":[{"href":"https:\/\/centralmedia.rs\/index.php\/wp-json\/wp\/v2\/types\/post"}],"author":[{"embeddable":true,"href":"https:\/\/centralmedia.rs\/index.php\/wp-json\/wp\/v2\/users\/2"}],"replies":[{"embeddable":true,"href":"https:\/\/centralmedia.rs\/index.php\/wp-json\/wp\/v2\/comments?post=34162"}],"version-history":[{"count":2,"href":"https:\/\/centralmedia.rs\/index.php\/wp-json\/wp\/v2\/posts\/34162\/revisions"}],"predecessor-version":[{"id":34166,"href":"https:\/\/centralmedia.rs\/index.php\/wp-json\/wp\/v2\/posts\/34162\/revisions\/34166"}],"wp:featuredmedia":[{"embeddable":true,"href":"https:\/\/centralmedia.rs\/index.php\/wp-json\/wp\/v2\/media\/34163"}],"wp:attachment":[{"href":"https:\/\/centralmedia.rs\/index.php\/wp-json\/wp\/v2\/media?parent=34162"}],"wp:term":[{"taxonomy":"category","embeddable":true,"href":"https:\/\/centralmedia.rs\/index.php\/wp-json\/wp\/v2\/categories?post=34162"},{"taxonomy":"post_tag","embeddable":true,"href":"https:\/\/centralmedia.rs\/index.php\/wp-json\/wp\/v2\/tags?post=34162"}],"curies":[{"name":"wp","href":"https:\/\/api.w.org\/{rel}","templated":true}]}}