{"id":34167,"date":"2023-02-06T14:03:44","date_gmt":"2023-02-06T13:03:44","guid":{"rendered":"http:\/\/centralmedia.rs\/?p=34167"},"modified":"2023-02-10T02:49:26","modified_gmt":"2023-02-10T01:49:26","slug":"brati-i-sestra-iz-paracina-usmrtili-macehu-i-pokusali-ubistvo-oca","status":"publish","type":"post","link":"https:\/\/centralmedia.rs\/index.php\/2023\/02\/06\/brati-i-sestra-iz-paracina-usmrtili-macehu-i-pokusali-ubistvo-oca\/","title":{"rendered":"BRATI I SESTRA IZ PARA\u0106INA USMRTILI MA\u0106EHU I POKU\u0160ALI UBISTVO OCA"},"content":{"rendered":"<p>PARA\u0106IN-Pripadnici Ministarstva unutra\u0161njih poslova u Para\u0107inu uhapsili su M. P. (2000) iz okoline Para\u0107ina, zbog postojanja osnova sumnje da je izvr\u0161io krivi\u010dna dela ubistvo i ubistvo u poku\u0161aju, saop\u0161teno je iz policije.<\/p>\n<p>Policija je uhapsila i njegovu sestru M. P. (1996), osumnji\u010denu za krivi\u010dno delo ubistvo u poku\u0161aju u saizvr\u0161ila\u0161tvu.Sumnja se da je M. P. sino\u0107 usmrtio \u010detrdesetdevetogodi\u0161nju \u017eenu, emotivnu partnerku njegovog pedesetsedmogodi\u0161njeg oca, u njenoj ku\u0107i u okolini Para\u0107ina.Potom je, kako se sumnja, u porodi\u010dnoj ku\u0107i nakon kra\u0107e rasprave no\u017eem lak\u0161e povredio oca, a potom ga udario metalnom \u0161ipkom i polomio mu ruku.Njegova sestra se sumnji\u010di da je, dok je njen brat napadao oca, stajala na vratima kako bi oca spre\u010dila da pobegne iz ku\u0107e.Ipak, otac je od sina oteo no\u017e i pobegao kod kom\u0161ija, odakle su pozvali policiju i Hitnu pomo\u0107 koja ga je sa povredama zbrinula u para\u0107inskoj bolnici.Bratu i sestri je odre\u0111eno zadr\u017eavanje do 48 sati i oni \u0107e, uz krivi\u010dnu prijavu, biti privedeni Vi\u0161em javnom tu\u017eila\u0161tvu u Jagodini.Ministarstvo unutra\u0161njih poslova apeluje na gra\u0111ane da svaki vid nasilja u porodici prijave policiji besplatnim pozivom na brojeve telefona 0800 100 600 ili 192, koji su sve vreme dostupni.<\/p>\n","protected":false},"excerpt":{"rendered":"<p>PARA\u0106IN-Pripadnici Ministarstva unutra\u0161njih poslova u Para\u0107inu uhapsili su M. P. (2000) iz okoline Para\u0107ina, zbog postojanja osnova sumnje da je izvr\u0161io krivi\u010dna dela ubistvo i &hellip; <\/p>\n","protected":false},"author":2,"featured_media":13881,"comment_status":"open","ping_status":"open","sticky":false,"template":"","format":"standard","meta":{"footnotes":""},"categories":[1524,20,2,1516,12],"tags":[318,156],"_links":{"self":[{"href":"https:\/\/centralmedia.rs\/index.php\/wp-json\/wp\/v2\/posts\/34167"}],"collection":[{"href":"https:\/\/centralmedia.rs\/index.php\/wp-json\/wp\/v2\/posts"}],"about":[{"href":"https:\/\/centralmedia.rs\/index.php\/wp-json\/wp\/v2\/types\/post"}],"author":[{"embeddable":true,"href":"https:\/\/centralmedia.rs\/index.php\/wp-json\/wp\/v2\/users\/2"}],"replies":[{"embeddable":true,"href":"https:\/\/centralmedia.rs\/index.php\/wp-json\/wp\/v2\/comments?post=34167"}],"version-history":[{"count":2,"href":"https:\/\/centralmedia.rs\/index.php\/wp-json\/wp\/v2\/posts\/34167\/revisions"}],"predecessor-version":[{"id":34169,"href":"https:\/\/centralmedia.rs\/index.php\/wp-json\/wp\/v2\/posts\/34167\/revisions\/34169"}],"wp:featuredmedia":[{"embeddable":true,"href":"https:\/\/centralmedia.rs\/index.php\/wp-json\/wp\/v2\/media\/13881"}],"wp:attachment":[{"href":"https:\/\/centralmedia.rs\/index.php\/wp-json\/wp\/v2\/media?parent=34167"}],"wp:term":[{"taxonomy":"category","embeddable":true,"href":"https:\/\/centralmedia.rs\/index.php\/wp-json\/wp\/v2\/categories?post=34167"},{"taxonomy":"post_tag","embeddable":true,"href":"https:\/\/centralmedia.rs\/index.php\/wp-json\/wp\/v2\/tags?post=34167"}],"curies":[{"name":"wp","href":"https:\/\/api.w.org\/{rel}","templated":true}]}}