{"id":34170,"date":"2023-02-08T13:02:22","date_gmt":"2023-02-08T12:02:22","guid":{"rendered":"http:\/\/centralmedia.rs\/?p=34170"},"modified":"2023-02-14T19:02:08","modified_gmt":"2023-02-14T18:02:08","slug":"odreden-pritvor-za-brata-i-sestru-koji-su-ubili-emotivnu-partnerku-svog-oca","status":"publish","type":"post","link":"https:\/\/centralmedia.rs\/index.php\/2023\/02\/08\/odreden-pritvor-za-brata-i-sestru-koji-su-ubili-emotivnu-partnerku-svog-oca\/","title":{"rendered":"ODRE\u0110EN PRITVOR ZA BRATA I SESTRU KOJI SU UBILI EMOTIVNU PARTNERKU SVOG OCA"},"content":{"rendered":"<p>JAGODINA- Sudija za predhodni postupak Vi\u0161eg suda u Jagodini odredio je pritvor\u00a0 bratu i sestri Marko P. \u00a0(23) i Milica P. (27) iz Tre\u0161njevice kod Para\u0107ina zbog te\u0161kog ubistva pri bezobzirnom i nasilni\u010dkom pona\u0161anju u saizvr\u0161ila\u0161tvu.\u00a0 Nalo\u017eeno je psihijatrijsko ve\u0161ta\u010denje za oboje.<\/p>\n<p>Na saslu\u0161anju Marko je priznao delo koje mu se stavlja na teret, dok sestra nije bila u psihi\u010dki sposobna\u00a0 da se izjasni. Postoje saznanja da je ona psihijatrijski le\u010dena ranije. Njima se na teret stavlja da su u\u010destvovali su u li\u0161avanju \u017eivota Marine Milanovi\u0107 (50) iz istog sela u njenoj ku\u0107i i poku\u0161ali da ubiju svog oca P.M. (57) ubadaju\u0107i ga no\u017eem po telu. Pretpostavlja se da je motiv ubistva i poku\u0161aja ubistva emotivna veza ubijene i njihovog oca.<\/p>\n<p>Nesre\u0107na \u017eena, koja je bila u dugogodi\u0161njoj vezi sa njihovim ocem, sahranjena je ju\u010de na seoskom groblju u tom selu. Me\u0161tani za nju ka\u017eu da je bila\u00a0 ,,dobar \u010dovek&#8221; i da nije\u00a0 zaslu\u017eila takvu sudbinu da je zakolje sin \u010doveka sa kojim je \u017eivela deceniju. Selo je znalo za njihovu vezu jer su javno bili zajedno, iako nisu bili ven\u010dani i \u017eiveli su odvojeno, svako u svojoj ku\u0107i.<\/p>\n<p>Brat i sestra su 5. februara uve\u010de upali u njenu ku\u0107u i Marko je usmrtio no\u017eem, a nakon toga polomili poku\u0107stvo. Zatim je u svojoj ku\u0107i napao no\u017eem oca Milo\u0161a (57), nameravaju\u0107i da ga ubije, Milica je stajala na vratima da ne iza\u0111e iz ku\u0107e. Otac je, i pored \u010detrdesetak zadobijenih uboda, uspeo da oduzme no\u017e Marku i spasise bekstvom kod kom\u0161ija. Marko je te ve\u010deri pobegao, ali se ujutru pojavio pred me\u0161tanima, jo\u0161 uvek krvav, \u00a0hvalio se kako je zaklao Marinu a zatim je u\u0161ao u lokalni autobus I oti\u0161ao u policiju da se prijavi.<\/p>\n","protected":false},"excerpt":{"rendered":"<p>JAGODINA- Sudija za predhodni postupak Vi\u0161eg suda u Jagodini odredio je pritvor\u00a0 bratu i sestri Marko P. \u00a0(23) i Milica P. (27) iz Tre\u0161njevice kod &hellip; <\/p>\n","protected":false},"author":2,"featured_media":22205,"comment_status":"open","ping_status":"open","sticky":false,"template":"","format":"standard","meta":{"footnotes":""},"categories":[1524,20,2,1516,12],"tags":[156,1373,1359],"_links":{"self":[{"href":"https:\/\/centralmedia.rs\/index.php\/wp-json\/wp\/v2\/posts\/34170"}],"collection":[{"href":"https:\/\/centralmedia.rs\/index.php\/wp-json\/wp\/v2\/posts"}],"about":[{"href":"https:\/\/centralmedia.rs\/index.php\/wp-json\/wp\/v2\/types\/post"}],"author":[{"embeddable":true,"href":"https:\/\/centralmedia.rs\/index.php\/wp-json\/wp\/v2\/users\/2"}],"replies":[{"embeddable":true,"href":"https:\/\/centralmedia.rs\/index.php\/wp-json\/wp\/v2\/comments?post=34170"}],"version-history":[{"count":2,"href":"https:\/\/centralmedia.rs\/index.php\/wp-json\/wp\/v2\/posts\/34170\/revisions"}],"predecessor-version":[{"id":34172,"href":"https:\/\/centralmedia.rs\/index.php\/wp-json\/wp\/v2\/posts\/34170\/revisions\/34172"}],"wp:featuredmedia":[{"embeddable":true,"href":"https:\/\/centralmedia.rs\/index.php\/wp-json\/wp\/v2\/media\/22205"}],"wp:attachment":[{"href":"https:\/\/centralmedia.rs\/index.php\/wp-json\/wp\/v2\/media?parent=34170"}],"wp:term":[{"taxonomy":"category","embeddable":true,"href":"https:\/\/centralmedia.rs\/index.php\/wp-json\/wp\/v2\/categories?post=34170"},{"taxonomy":"post_tag","embeddable":true,"href":"https:\/\/centralmedia.rs\/index.php\/wp-json\/wp\/v2\/tags?post=34170"}],"curies":[{"name":"wp","href":"https:\/\/api.w.org\/{rel}","templated":true}]}}