{"id":34173,"date":"2023-02-10T02:28:35","date_gmt":"2023-02-10T01:28:35","guid":{"rendered":"http:\/\/centralmedia.rs\/?p=34173"},"modified":"2023-02-14T19:02:48","modified_gmt":"2023-02-14T18:02:48","slug":"obnovljen-rad-rendgena-u-svilajncu","status":"publish","type":"post","link":"https:\/\/centralmedia.rs\/index.php\/2023\/02\/10\/obnovljen-rad-rendgena-u-svilajncu\/","title":{"rendered":"OBNOVLJEN RAD RENDGENA U SVILAJNCU"},"content":{"rendered":"<p>&nbsp;<\/p>\n<p>SVILAJNAC- Iz svilajna\u010dkog Doma zdravlja saop\u0161tili su da Rendgen kabinet posle nekoliko meseci radi u punom kapacitetu.<\/p>\n<div id='gallery-1' class='gallery galleryid-34173 gallery-columns-3 gallery-size-thumbnail'><figure class='gallery-item'>\n\t\t\t<div class='gallery-icon portrait'>\n\t\t\t\t<a href='https:\/\/centralmedia.rs\/index.php\/2023\/02\/10\/obnovljen-rad-rendgena-u-svilajncu\/rentgen1\/'><img loading=\"lazy\" decoding=\"async\" width=\"150\" height=\"150\" src=\"https:\/\/centralmedia.rs\/wp-content\/uploads\/2023\/02\/rentgen1-150x150.jpg\" class=\"attachment-thumbnail size-thumbnail\" alt=\"\" \/><\/a>\n\t\t\t<\/div><\/figure><figure class='gallery-item'>\n\t\t\t<div class='gallery-icon portrait'>\n\t\t\t\t<a href='https:\/\/centralmedia.rs\/index.php\/2023\/02\/10\/obnovljen-rad-rendgena-u-svilajncu\/rentgen2\/'><img loading=\"lazy\" decoding=\"async\" width=\"150\" height=\"150\" src=\"https:\/\/centralmedia.rs\/wp-content\/uploads\/2023\/02\/rentgen2-150x150.jpg\" class=\"attachment-thumbnail size-thumbnail\" alt=\"\" \/><\/a>\n\t\t\t<\/div><\/figure><figure class='gallery-item'>\n\t\t\t<div class='gallery-icon portrait'>\n\t\t\t\t<a href='https:\/\/centralmedia.rs\/index.php\/2023\/02\/10\/obnovljen-rad-rendgena-u-svilajncu\/rentgen\/'><img loading=\"lazy\" decoding=\"async\" width=\"150\" height=\"150\" src=\"https:\/\/centralmedia.rs\/wp-content\/uploads\/2023\/02\/rentgen-150x150.jpg\" class=\"attachment-thumbnail size-thumbnail\" alt=\"\" \/><\/a>\n\t\t\t<\/div><\/figure>\n\t\t<\/div>\n\n<p>-DZ Svilajnac nastavlja da podi\u017ee nivo usluga na najvi\u0161i mogu\u0107i nivo kako bi na\u0161im sugra\u0111anima pru\u017eio \u0161iroki spektar zdravstvene za\u0161tite. Nakon pu\u0161tanja u probni rad najsavremenijeg digitalnog RTG aparata, rendgen kabinet na\u0161e ustanove od danas radi u punom kapacitetu. Ovaj aparat omogu\u0107i \u0107e zaposlenima br\u017ei i efikasniji rad, dok \u0107e pacijentima biti skra\u0107eno vreme \u010dekanja. Termini za obavljanje dijagnosti\u010dkih pregleda zakazaju se putem izabranog lekara, a spektar usluga koji pru\u017ea novi RTG su:<\/p>\n<p>Radiografija organa u jednom pravcu<\/p>\n<p>Nativni snimak abdomena<\/p>\n<p>Nativni snimak urotrakta<\/p>\n<p>Radiografija hemiotoraksa<\/p>\n<p>Radiografija plu\u0107a i srca<\/p>\n<p>Radiografija paranazalnih \u0161upljina<\/p>\n<p>Radiografija karlice i kukova<\/p>\n<p>Radiografija \u0161ake i stopala.<\/p>\n<p>Radiografija u dva pravca:<\/p>\n<p>Vratni deo ki\u010dme u dva pravca<\/p>\n<p>Torakalnog dela ki\u010dme u dva pravca<\/p>\n<p>Lumbalnog dela ki\u010dme u dva pravca<\/p>\n<p>Radiografija nadlakrice, lakta, podlaktice, ru\u010dnog zgloba , \u0161ake\u2026<\/p>\n<p>Radiografija nadkolenice, kolena, podkolenice, sko\u010dnog zgloba, stopala<\/p>\n<p>Radiografija plu\u0107a i srca u PA i profil<\/p>\n<p>Specijalni snimci glave:<\/p>\n<p>Kraniogram<\/p>\n<p>Kosti lica<\/p>\n<p>Turskog sedla, stoji u saop\u0161tenju.<\/p>\n","protected":false},"excerpt":{"rendered":"<p>&nbsp; SVILAJNAC- Iz svilajna\u010dkog Doma zdravlja saop\u0161tili su da Rendgen kabinet posle nekoliko meseci radi u punom kapacitetu. -DZ Svilajnac nastavlja da podi\u017ee nivo usluga &hellip; <\/p>\n","protected":false},"author":2,"featured_media":34178,"comment_status":"open","ping_status":"open","sticky":false,"template":"","format":"standard","meta":{"footnotes":""},"categories":[28,1524,2,12,1517],"tags":[228,2647,38],"_links":{"self":[{"href":"https:\/\/centralmedia.rs\/index.php\/wp-json\/wp\/v2\/posts\/34173"}],"collection":[{"href":"https:\/\/centralmedia.rs\/index.php\/wp-json\/wp\/v2\/posts"}],"about":[{"href":"https:\/\/centralmedia.rs\/index.php\/wp-json\/wp\/v2\/types\/post"}],"author":[{"embeddable":true,"href":"https:\/\/centralmedia.rs\/index.php\/wp-json\/wp\/v2\/users\/2"}],"replies":[{"embeddable":true,"href":"https:\/\/centralmedia.rs\/index.php\/wp-json\/wp\/v2\/comments?post=34173"}],"version-history":[{"count":1,"href":"https:\/\/centralmedia.rs\/index.php\/wp-json\/wp\/v2\/posts\/34173\/revisions"}],"predecessor-version":[{"id":34177,"href":"https:\/\/centralmedia.rs\/index.php\/wp-json\/wp\/v2\/posts\/34173\/revisions\/34177"}],"wp:featuredmedia":[{"embeddable":true,"href":"https:\/\/centralmedia.rs\/index.php\/wp-json\/wp\/v2\/media\/34178"}],"wp:attachment":[{"href":"https:\/\/centralmedia.rs\/index.php\/wp-json\/wp\/v2\/media?parent=34173"}],"wp:term":[{"taxonomy":"category","embeddable":true,"href":"https:\/\/centralmedia.rs\/index.php\/wp-json\/wp\/v2\/categories?post=34173"},{"taxonomy":"post_tag","embeddable":true,"href":"https:\/\/centralmedia.rs\/index.php\/wp-json\/wp\/v2\/tags?post=34173"}],"curies":[{"name":"wp","href":"https:\/\/api.w.org\/{rel}","templated":true}]}}