{"id":34184,"date":"2023-02-10T02:46:12","date_gmt":"2023-02-10T01:46:12","guid":{"rendered":"http:\/\/centralmedia.rs\/?p=34184"},"modified":"2023-02-14T19:02:59","modified_gmt":"2023-02-14T18:02:59","slug":"prostor-za-sve-generacije-u-glavincima","status":"publish","type":"post","link":"https:\/\/centralmedia.rs\/index.php\/2023\/02\/10\/prostor-za-sve-generacije-u-glavincima\/","title":{"rendered":"PROSTOR ZA SVE GENERACIJE U GLAVINCIMA"},"content":{"rendered":"<p>JAGODINA &#8211; Plan jagodinske lokalne samouprave je da svaka mesna zajednica ima mesto za okupljanje i dru\u017eenje me\u0161tana svih generacija. Tim povodom sve\u010dano je otvoren Klub penzionera u Glavincima u prisutvu starijih me\u0161tana i gostiju iz Izvr\u0161nog odbora gradske organizacije Saveza penzionera.<\/p>\n<div id='gallery-1' class='gallery galleryid-34184 gallery-columns-7 gallery-size-thumbnail'><figure class='gallery-item'>\n\t\t\t<div class='gallery-icon landscape'>\n\t\t\t\t<a href='https:\/\/centralmedia.rs\/index.php\/2023\/02\/10\/prostor-za-sve-generacije-u-glavincima\/glavinci-4\/'><img loading=\"lazy\" decoding=\"async\" width=\"150\" height=\"150\" src=\"https:\/\/centralmedia.rs\/wp-content\/uploads\/2023\/02\/glavinci-4-150x150.jpg\" class=\"attachment-thumbnail size-thumbnail\" alt=\"\" \/><\/a>\n\t\t\t<\/div><\/figure><figure class='gallery-item'>\n\t\t\t<div class='gallery-icon landscape'>\n\t\t\t\t<a href='https:\/\/centralmedia.rs\/index.php\/2023\/02\/10\/prostor-za-sve-generacije-u-glavincima\/glavinci-7\/'><img loading=\"lazy\" decoding=\"async\" width=\"150\" height=\"150\" src=\"https:\/\/centralmedia.rs\/wp-content\/uploads\/2023\/02\/glavinci-7-150x150.jpg\" class=\"attachment-thumbnail size-thumbnail\" alt=\"\" \/><\/a>\n\t\t\t<\/div><\/figure><figure class='gallery-item'>\n\t\t\t<div class='gallery-icon landscape'>\n\t\t\t\t<a href='https:\/\/centralmedia.rs\/index.php\/2023\/02\/10\/prostor-za-sve-generacije-u-glavincima\/glavinci\/'><img loading=\"lazy\" decoding=\"async\" width=\"150\" height=\"150\" src=\"https:\/\/centralmedia.rs\/wp-content\/uploads\/2023\/02\/glavinci-150x150.jpg\" class=\"attachment-thumbnail size-thumbnail\" alt=\"\" \/><\/a>\n\t\t\t<\/div><\/figure><figure class='gallery-item'>\n\t\t\t<div class='gallery-icon landscape'>\n\t\t\t\t<a href='https:\/\/centralmedia.rs\/index.php\/2023\/02\/10\/prostor-za-sve-generacije-u-glavincima\/glavinci2\/'><img loading=\"lazy\" decoding=\"async\" width=\"150\" height=\"150\" src=\"https:\/\/centralmedia.rs\/wp-content\/uploads\/2023\/02\/glavinci2-150x150.jpg\" class=\"attachment-thumbnail size-thumbnail\" alt=\"\" \/><\/a>\n\t\t\t<\/div><\/figure><figure class='gallery-item'>\n\t\t\t<div class='gallery-icon portrait'>\n\t\t\t\t<a href='https:\/\/centralmedia.rs\/index.php\/2023\/02\/10\/prostor-za-sve-generacije-u-glavincima\/glavinci3\/'><img loading=\"lazy\" decoding=\"async\" width=\"150\" height=\"150\" src=\"https:\/\/centralmedia.rs\/wp-content\/uploads\/2023\/02\/glavinci3-150x150.jpg\" class=\"attachment-thumbnail size-thumbnail\" alt=\"\" \/><\/a>\n\t\t\t<\/div><\/figure><figure class='gallery-item'>\n\t\t\t<div class='gallery-icon landscape'>\n\t\t\t\t<a href='https:\/\/centralmedia.rs\/index.php\/2023\/02\/10\/prostor-za-sve-generacije-u-glavincima\/glavnici-6\/'><img loading=\"lazy\" decoding=\"async\" width=\"150\" height=\"150\" src=\"https:\/\/centralmedia.rs\/wp-content\/uploads\/2023\/02\/glavnici-6-150x150.jpg\" class=\"attachment-thumbnail size-thumbnail\" alt=\"\" \/><\/a>\n\t\t\t<\/div><\/figure><figure class='gallery-item'>\n\t\t\t<div class='gallery-icon landscape'>\n\t\t\t\t<a href='https:\/\/centralmedia.rs\/index.php\/2023\/02\/10\/prostor-za-sve-generacije-u-glavincima\/glavnici5\/'><img loading=\"lazy\" decoding=\"async\" width=\"150\" height=\"150\" src=\"https:\/\/centralmedia.rs\/wp-content\/uploads\/2023\/02\/glavnici5-150x150.jpg\" class=\"attachment-thumbnail size-thumbnail\" alt=\"\" \/><\/a>\n\t\t\t<\/div><\/figure>\n\t\t<\/div>\n\n<p>U istoj \u00a0prostoriji, odr\u017ean je i sastanak mladih ljudi iz tog sela,sa \u017eeljom da se organizuju i aktivno uklju\u010de u aktivnosti na unapre\u0111enju \u017eivota u svom selu,\u0161to je za svaku pohvalu i primer.<\/p>\n<p>Zahvalnost za ovako lepu prostoriju Glavin\u010dani ka\u017eu da duguju lokalnoj samoupravi i me\u0161taninu Mikiju ,,Trgopromet&#8221; koji je kao i uvek, pomogao u materijalu, kao i aktivistima iz sela koji su dobrovoljno i slo\u017eno,volonterski, izveli sve radove.<\/p>\n","protected":false},"excerpt":{"rendered":"<p>JAGODINA &#8211; Plan jagodinske lokalne samouprave je da svaka mesna zajednica ima mesto za okupljanje i dru\u017eenje me\u0161tana svih generacija. Tim povodom sve\u010dano je otvoren &hellip; <\/p>\n","protected":false},"author":2,"featured_media":34185,"comment_status":"open","ping_status":"open","sticky":false,"template":"","format":"standard","meta":{"footnotes":""},"categories":[14,1524,2,1514,12],"tags":[783,58],"_links":{"self":[{"href":"https:\/\/centralmedia.rs\/index.php\/wp-json\/wp\/v2\/posts\/34184"}],"collection":[{"href":"https:\/\/centralmedia.rs\/index.php\/wp-json\/wp\/v2\/posts"}],"about":[{"href":"https:\/\/centralmedia.rs\/index.php\/wp-json\/wp\/v2\/types\/post"}],"author":[{"embeddable":true,"href":"https:\/\/centralmedia.rs\/index.php\/wp-json\/wp\/v2\/users\/2"}],"replies":[{"embeddable":true,"href":"https:\/\/centralmedia.rs\/index.php\/wp-json\/wp\/v2\/comments?post=34184"}],"version-history":[{"count":1,"href":"https:\/\/centralmedia.rs\/index.php\/wp-json\/wp\/v2\/posts\/34184\/revisions"}],"predecessor-version":[{"id":34193,"href":"https:\/\/centralmedia.rs\/index.php\/wp-json\/wp\/v2\/posts\/34184\/revisions\/34193"}],"wp:featuredmedia":[{"embeddable":true,"href":"https:\/\/centralmedia.rs\/index.php\/wp-json\/wp\/v2\/media\/34185"}],"wp:attachment":[{"href":"https:\/\/centralmedia.rs\/index.php\/wp-json\/wp\/v2\/media?parent=34184"}],"wp:term":[{"taxonomy":"category","embeddable":true,"href":"https:\/\/centralmedia.rs\/index.php\/wp-json\/wp\/v2\/categories?post=34184"},{"taxonomy":"post_tag","embeddable":true,"href":"https:\/\/centralmedia.rs\/index.php\/wp-json\/wp\/v2\/tags?post=34184"}],"curies":[{"name":"wp","href":"https:\/\/api.w.org\/{rel}","templated":true}]}}