{"id":34204,"date":"2023-02-13T13:02:20","date_gmt":"2023-02-13T12:02:20","guid":{"rendered":"http:\/\/centralmedia.rs\/?p=34204"},"modified":"2023-02-18T01:38:27","modified_gmt":"2023-02-18T00:38:27","slug":"premijera-predstave-kokana-mladenovica-u-svilajncu","status":"publish","type":"post","link":"https:\/\/centralmedia.rs\/index.php\/2023\/02\/13\/premijera-predstave-kokana-mladenovica-u-svilajncu\/","title":{"rendered":"PREMIJERA PREDSTAVE KOKANA MLADENOVI\u0106A U SVILAJNCU"},"content":{"rendered":"<p>SVILAJNAC-Premijera predstave \u201eBilo jednom na Brijunima\u201c u re\u017eiji Kokana Mladenovi\u0107a i u produkciji Centra za kulturu Svilajnac bi\u0107e odr\u017eana 17. februara u 20 sati na sceni\u00a0 svilajna\u010dkog Centra za kulturu.<\/p>\n<p>Ovo je tre\u0107a profesionalna pozori\u0161na predstava koju producira Centar za kulturu Svilajnac u saradnji sa slavnim rediteljem Kokanom Mladenovi\u0107em, a sa ciljem decentralizacije kulture, gde umetni\u010dko stvarala\u0161tvo ne mora biti ekskluzivitet samo velikih gradova.<\/p>\n<p>Ovoga puta u pitanju je \u201epseudoistorijska komedija u kojoj se sre\u0107u strast, komika, apsurd, sudar svetova, veliko doba Jugoslavije i veliko doba Holivuda.\u201c Predstava \u201eBilo jednom na Brijunima\u201c za po\u010detnu situaciju ima vi\u0161emese\u010dni zajedni\u010dki boravak Josipa Broza Tita, Jovanke Broz, Ri\u010darda Bartona i Elizabet Tejlor, na Brionima, u Puli, na Sutjesci, na krstarenju Jadranom itd, po\u010dev od 31. jula, pa do kasne jeseni 1971. godine.\u00a0 Ulogu Josipa Broza Tita tuma\u010di Branislav Trifunovi\u0107, ulogu Ri\u010darda Bartona Milan Mari\u0107, Jovanku Broz tuma\u010di Sanja Markovi\u0107, a Elizabet Tejlor Tihana Lazovi\u0107 Trifunovi\u0107.<\/p>\n<p>Autori predstave isti\u010du da dani o kojima ima malo pisanih i dokumentovanih tragova, poput dana poznoga leta te 1971.godine, kada se \u010detvoro naizgled nespojivih karaktera na\u0161lo na istom mestu, sa obavezom da dele isti prostor, bez obaveze da imaju i\u010deg zajedni\u010dkog, idealna su prilika za kreiranje duhovite predstave, prepune apsurdne komike, predstave u kojoj su istorijske li\u010dnosti samo povod za pozori\u0161nu igru i praznik gluma\u010dke ma\u0161te.<\/p>\n<p>&nbsp;<\/p>\n","protected":false},"excerpt":{"rendered":"<p>SVILAJNAC-Premijera predstave \u201eBilo jednom na Brijunima\u201c u re\u017eiji Kokana Mladenovi\u0107a i u produkciji Centra za kulturu Svilajnac bi\u0107e odr\u017eana 17. februara u 20 sati na &hellip; <\/p>\n","protected":false},"author":2,"featured_media":1226,"comment_status":"open","ping_status":"open","sticky":false,"template":"","format":"standard","meta":{"footnotes":""},"categories":[1524,2,15,12,1517],"tags":[6121,6120,2843,38],"_links":{"self":[{"href":"https:\/\/centralmedia.rs\/index.php\/wp-json\/wp\/v2\/posts\/34204"}],"collection":[{"href":"https:\/\/centralmedia.rs\/index.php\/wp-json\/wp\/v2\/posts"}],"about":[{"href":"https:\/\/centralmedia.rs\/index.php\/wp-json\/wp\/v2\/types\/post"}],"author":[{"embeddable":true,"href":"https:\/\/centralmedia.rs\/index.php\/wp-json\/wp\/v2\/users\/2"}],"replies":[{"embeddable":true,"href":"https:\/\/centralmedia.rs\/index.php\/wp-json\/wp\/v2\/comments?post=34204"}],"version-history":[{"count":1,"href":"https:\/\/centralmedia.rs\/index.php\/wp-json\/wp\/v2\/posts\/34204\/revisions"}],"predecessor-version":[{"id":34205,"href":"https:\/\/centralmedia.rs\/index.php\/wp-json\/wp\/v2\/posts\/34204\/revisions\/34205"}],"wp:featuredmedia":[{"embeddable":true,"href":"https:\/\/centralmedia.rs\/index.php\/wp-json\/wp\/v2\/media\/1226"}],"wp:attachment":[{"href":"https:\/\/centralmedia.rs\/index.php\/wp-json\/wp\/v2\/media?parent=34204"}],"wp:term":[{"taxonomy":"category","embeddable":true,"href":"https:\/\/centralmedia.rs\/index.php\/wp-json\/wp\/v2\/categories?post=34204"},{"taxonomy":"post_tag","embeddable":true,"href":"https:\/\/centralmedia.rs\/index.php\/wp-json\/wp\/v2\/tags?post=34204"}],"curies":[{"name":"wp","href":"https:\/\/api.w.org\/{rel}","templated":true}]}}