{"id":34210,"date":"2023-02-13T19:56:20","date_gmt":"2023-02-13T18:56:20","guid":{"rendered":"http:\/\/centralmedia.rs\/?p=34210"},"modified":"2023-02-14T18:50:57","modified_gmt":"2023-02-14T17:50:57","slug":"strah-u-srpskim-gradovima-posle-zemljotresa-u-rumuniji","status":"publish","type":"post","link":"https:\/\/centralmedia.rs\/index.php\/2023\/02\/13\/strah-u-srpskim-gradovima-posle-zemljotresa-u-rumuniji\/","title":{"rendered":"STRAH U SRPSKIM GRADOVIMA POSLE ZEMLJOTRESA U RUMUNIJI"},"content":{"rendered":"<p>&nbsp;<\/p>\n<p>Sna\u017ean zemljotres od 5,2 po Rihteru potresao je danas Rumuniju, a osetio se u skoro celoj Srbiji. Uznemireni su gra\u0111ani iz Ni\u0161a, Bora, Kru\u0161evca, Jagodine, \u0106uprije, Para\u0107ina, Svilajnca, u Stigu se &#8220;ba\u0161 treslo&#8221;. MUP Srbije objavio je upozorenja kako se treba pona\u0161ati u slu\u010daju zemljotresa.<\/p>\n<div id='gallery-1' class='gallery galleryid-34210 gallery-columns-5 gallery-size-thumbnail'><figure class='gallery-item'>\n\t\t\t<div class='gallery-icon landscape'>\n\t\t\t\t<a href='https:\/\/centralmedia.rs\/index.php\/2023\/02\/13\/strah-u-srpskim-gradovima-posle-zemljotresa-u-rumuniji\/zemljotres1\/'><img loading=\"lazy\" decoding=\"async\" width=\"150\" height=\"150\" src=\"https:\/\/centralmedia.rs\/wp-content\/uploads\/2023\/02\/zemljotres1-150x150.jpg\" class=\"attachment-thumbnail size-thumbnail\" alt=\"\" \/><\/a>\n\t\t\t<\/div><\/figure><figure class='gallery-item'>\n\t\t\t<div class='gallery-icon landscape'>\n\t\t\t\t<a href='https:\/\/centralmedia.rs\/index.php\/2023\/02\/13\/strah-u-srpskim-gradovima-posle-zemljotresa-u-rumuniji\/zemljotres2\/'><img loading=\"lazy\" decoding=\"async\" width=\"150\" height=\"150\" src=\"https:\/\/centralmedia.rs\/wp-content\/uploads\/2023\/02\/zemljotres2-150x150.jpg\" class=\"attachment-thumbnail size-thumbnail\" alt=\"\" \/><\/a>\n\t\t\t<\/div><\/figure><figure class='gallery-item'>\n\t\t\t<div class='gallery-icon landscape'>\n\t\t\t\t<a href='https:\/\/centralmedia.rs\/index.php\/2023\/02\/13\/strah-u-srpskim-gradovima-posle-zemljotresa-u-rumuniji\/zemljotres3\/'><img loading=\"lazy\" decoding=\"async\" width=\"150\" height=\"150\" src=\"https:\/\/centralmedia.rs\/wp-content\/uploads\/2023\/02\/zemljotres3-150x150.jpg\" class=\"attachment-thumbnail size-thumbnail\" alt=\"\" \/><\/a>\n\t\t\t<\/div><\/figure><figure class='gallery-item'>\n\t\t\t<div class='gallery-icon landscape'>\n\t\t\t\t<a href='https:\/\/centralmedia.rs\/index.php\/2023\/02\/13\/strah-u-srpskim-gradovima-posle-zemljotresa-u-rumuniji\/zemljotres4\/'><img loading=\"lazy\" decoding=\"async\" width=\"150\" height=\"150\" src=\"https:\/\/centralmedia.rs\/wp-content\/uploads\/2023\/02\/zemljotres4-150x150.jpg\" class=\"attachment-thumbnail size-thumbnail\" alt=\"\" \/><\/a>\n\t\t\t<\/div><\/figure><figure class='gallery-item'>\n\t\t\t<div class='gallery-icon landscape'>\n\t\t\t\t<a href='https:\/\/centralmedia.rs\/index.php\/2023\/02\/13\/strah-u-srpskim-gradovima-posle-zemljotresa-u-rumuniji\/zemljotres5\/'><img loading=\"lazy\" decoding=\"async\" width=\"150\" height=\"150\" src=\"https:\/\/centralmedia.rs\/wp-content\/uploads\/2023\/02\/zemljotres5-150x150.jpg\" class=\"attachment-thumbnail size-thumbnail\" alt=\"\" \/><\/a>\n\t\t\t<\/div><\/figure>\n\t\t<\/div>\n\n<p>Danas i proteklih dana zemljotresi do 2,5 Rihtera su zabele\u017eeni u Majdanpeku, Boru i Kraljevu<\/p>\n","protected":false},"excerpt":{"rendered":"<p>&nbsp; Sna\u017ean zemljotres od 5,2 po Rihteru potresao je danas Rumuniju, a osetio se u skoro celoj Srbiji. Uznemireni su gra\u0111ani iz Ni\u0161a, Bora, Kru\u0161evca, &hellip; <\/p>\n","protected":false},"author":2,"featured_media":34211,"comment_status":"open","ping_status":"open","sticky":false,"template":"","format":"standard","meta":{"footnotes":""},"categories":[1515,1524,20,2,1514,1516,12,1517],"tags":[6123,6122],"_links":{"self":[{"href":"https:\/\/centralmedia.rs\/index.php\/wp-json\/wp\/v2\/posts\/34210"}],"collection":[{"href":"https:\/\/centralmedia.rs\/index.php\/wp-json\/wp\/v2\/posts"}],"about":[{"href":"https:\/\/centralmedia.rs\/index.php\/wp-json\/wp\/v2\/types\/post"}],"author":[{"embeddable":true,"href":"https:\/\/centralmedia.rs\/index.php\/wp-json\/wp\/v2\/users\/2"}],"replies":[{"embeddable":true,"href":"https:\/\/centralmedia.rs\/index.php\/wp-json\/wp\/v2\/comments?post=34210"}],"version-history":[{"count":2,"href":"https:\/\/centralmedia.rs\/index.php\/wp-json\/wp\/v2\/posts\/34210\/revisions"}],"predecessor-version":[{"id":34218,"href":"https:\/\/centralmedia.rs\/index.php\/wp-json\/wp\/v2\/posts\/34210\/revisions\/34218"}],"wp:featuredmedia":[{"embeddable":true,"href":"https:\/\/centralmedia.rs\/index.php\/wp-json\/wp\/v2\/media\/34211"}],"wp:attachment":[{"href":"https:\/\/centralmedia.rs\/index.php\/wp-json\/wp\/v2\/media?parent=34210"}],"wp:term":[{"taxonomy":"category","embeddable":true,"href":"https:\/\/centralmedia.rs\/index.php\/wp-json\/wp\/v2\/categories?post=34210"},{"taxonomy":"post_tag","embeddable":true,"href":"https:\/\/centralmedia.rs\/index.php\/wp-json\/wp\/v2\/tags?post=34210"}],"curies":[{"name":"wp","href":"https:\/\/api.w.org\/{rel}","templated":true}]}}