{"id":34244,"date":"2023-02-15T15:52:18","date_gmt":"2023-02-15T14:52:18","guid":{"rendered":"http:\/\/centralmedia.rs\/?p=34244"},"modified":"2023-02-21T15:15:08","modified_gmt":"2023-02-21T14:15:08","slug":"palma-svi-smo-uz-crkvu-i-naseg-predsednika-aleksandra-vucica-a-sretenje-da-bude-dan-pomirenja-u-srbiji","status":"publish","type":"post","link":"https:\/\/centralmedia.rs\/index.php\/2023\/02\/15\/palma-svi-smo-uz-crkvu-i-naseg-predsednika-aleksandra-vucica-a-sretenje-da-bude-dan-pomirenja-u-srbiji\/","title":{"rendered":"PALMA : SVI SMO UZ CRKVU I NA\u0160EG PREDSEDNIKA ALEKSANDRA VU\u010cI\u0106A, A SRETENjE DA BUDE DAN POMIRENjA U SRBIJI"},"content":{"rendered":"<p>U prostorijama Predsedni\u0161tva Jedinstvene Srbije u Beogradu, ova stranka je danas obele\u017eila svoju strana\u010dku slavu Sretenje i 19. ro\u0111endan u prisustvu rukovodstva stranke na \u010delu sa predsednikom Draganom Markovi\u0107em Palmom i koalicionih partnera iz SPS na \u010delu sa potpredsednikom Vlade, ministrom spoljnih poslova i predsednikom SPS Ivicom Da\u010di\u0107em i potpredsednikom Vlade i ministrom odbrane Srbije i potpredsednikom SNS Milo\u0161em Vu\u010devi\u0107em i predsednikom Izvr\u0161nog odbora SNS Darkom Gli\u0161i\u0107em.<\/p>\n<p><img loading=\"lazy\" decoding=\"async\" class=\"alignnone wp-image-34246 size-large\" src=\"http:\/\/centralmedia.rs\/wp-content\/uploads\/2023\/02\/js1-1024x494.jpg\" alt=\"\" width=\"640\" height=\"309\" srcset=\"https:\/\/centralmedia.rs\/wp-content\/uploads\/2023\/02\/js1-1024x494.jpg 1024w, https:\/\/centralmedia.rs\/wp-content\/uploads\/2023\/02\/js1-300x145.jpg 300w, https:\/\/centralmedia.rs\/wp-content\/uploads\/2023\/02\/js1-768x370.jpg 768w, https:\/\/centralmedia.rs\/wp-content\/uploads\/2023\/02\/js1-871x420.jpg 871w, https:\/\/centralmedia.rs\/wp-content\/uploads\/2023\/02\/js1-640x309.jpg 640w, https:\/\/centralmedia.rs\/wp-content\/uploads\/2023\/02\/js1-681x328.jpg 681w, https:\/\/centralmedia.rs\/wp-content\/uploads\/2023\/02\/js1.jpg 1937w\" sizes=\"(max-width: 640px) 100vw, 640px\" \/><\/p>\n<p>\u201eJedinstvena Srbija je dr\u017eavotvorna stranka i \u017eelim da damo podr\u0161ku predsedniku Aleksandru Vu\u010di\u0107u da donese odluku koja \u0107e biti najbolja za Srbiju. Mi se istorije ne odri\u010demo, ali se od istorije ne \u017eivi. Mi moramo da vodimo ra\u010duna o na\u0161oj deci, unucima i budu\u0107nosti na\u0161e lepe male dr\u017eave koja se zove Srbija. Imaju\u0107i u vidu sve ono \u0161to se zove pritisak na Srbiju, posebno poslednja dva meseca, na\u0161 predsednik Aleksandar Vu\u010di\u0107 dobro se bori i kada je u pitanju nacionalno i ekonomsko pitanje i siguran sam da \u0107e odluke koje \u0107e on doneti biti od koristi za svakog \u010doveka koji \u017eivi u Sbiji ma kojoj veri i naciji pripadao. Isto tako \u017eelim da se zahvalim i Patrijarhu Porfiriju i njegove izjave su uvek bile nacionalne i neko ka\u017ee \u201ecrkva ne treba da se me\u0161a\u201c, ali svi smo mi uz crkvu i na\u0161eg predsednika Aleksandra Vu\u010di\u0107a. Ja sam \u010dovek koji slavi slavu i verujem u Boga. Srbija treba da donese takve odluke da svako \u017eivi od svog rada i da zadr\u017eimo sve investitore koji su do\u0161i u Srbiju i da dolaze i drugi investitori i ono \u0161to sebi mogu da ka\u017eem i \u0161to mi daje snagu je \u010dinjenica da i pored svih pritisaka u Srbiju dolaze investitori iz najmo\u0107nijih dr\u017eava kao \u0161to su Nema\u010dka, Sjedinjene Ameri\u010dke Dr\u017eave, Italija, Francuska i veliki broj radnika radi u tim fabrikama. Mi ne smemo da stanemo, to je kao kada bi stali na pola puta i treba da se vodi ra\u010duna da odluka za budu\u0107nost bude nastavak ekonomskog napretka kada je u pitanju Srbiji. Napada\u0107e Srbiju i u narednom vremenskom periodu jer smo mi ku\u0107a na putu na Balkanu i Srbiju ne mogu da zaobi\u0111u i da je presko\u010de, a mi \u017eelimo da sara\u0111ujemo sa celim svetom, ali da ne tra\u017ee od nas ne\u0161to \u0161to je nemogu\u0107e. Kada je u pitanju saradnja sa na\u0161im koalicionim partnerima, budite sigurni da \u0107e SNS imati i u narednom periodu podr\u0161ku Jedinstvene Srbije. Mi se nikada nismo borili za funkcije, za ministarska mesta, ali smo uvek radili kao da imamo vi\u0161e ministara. I tako \u0107emo nastaviti i u narednom vremenskom periodu i molim da dana\u0161nji praznik \u2013 Sretenje bude dan pomirenja izme\u0111u partija koje su sada parlamentarne i da se ne sva\u0111amo oko nacionalnog pitanja. Molim opoziciju, kao \u010dovek iz centralne Sebije, obi\u010dno je kod nas dan za mirenje Bo\u017ei\u0107, a danas je veoma bitan praznik i da damo podr\u0161ku predsedniku Aleksandru Vu\u010di\u0107u i kao \u0161to sve nacije kada imaju problem, a taj problem je nacionalno pitanje, da se svi udru\u017eimo. Ako su se na Kosovu udru\u017eili Kurti i Haradinaj kako da sru\u0161e Srbiju, za\u0161to se mi ne udru\u017eimo, a ne da se bijemo u grudi ko je ve\u0107i patriota i da nam to bude tema na svakom mestu. Srbiju su po\u010deli da mrze zbog Vu\u010di\u0107a i ekonomskog napretka, jer smo prestigli i neke zemlje u EU i okru\u017eenju, zato napadaju Vu\u010di\u0107a. I kada je u Skup\u0161tini Srbije na dnevnom redu nacionalno pitanje svi poslanici treba da stisnu zeleno svetlo. Vu\u010di\u0107 ima najve\u0107i legitimet, dva puta je pobedio u prvom krugu i ja Vu\u010di\u0107u verujem da \u0107e donete prave odluke. I danas da bude na\u0161 poziv na jedinstvo. I kada neko politi\u010dki napadne Vu\u010di\u0107a oko naionalnog potanja i da tog nekoga ne napadnemo, nego da ga demantujemo. I \u0161to bi rekao jedan \u010dovek iz Jagodine \u201emi \u0107emo da se otimamo dokle mo\u017eemo\u201c\u201c, rekao je predsednik Jedinstvene Srbije Dragan Markovi\u0107 Palma.<\/p>\n<p>VU\u010cEVI\u0106 : DA SE I DALjE BORIMO ZAJEDNO SNS, JEDINSTVENA SRBIJA I SPS<\/p>\n<p>\u201eU ime predsednika Srbije i Srpske napredne stranke Aleksandra Vu\u010di\u0107a i celokupnog \u010dlanstva SNS \u010destitam krsnu slavu Jedinstvenoj Srbiji. Slava je Praznik da se saberemo i da se okupimo i zbog toga \u017eelim sve da pozovem i Jedinstvenu Srbiju i Dragana Markovi\u0107a Palmu i SPS i Ivicu Da\u010di\u0107a da nastavimo dalje zajedno da podr\u017eimo predsednika Vu\u010di\u0107a u borbi za Srbiju, svi zajedno, jer nam je to zajedni\u010dka otad\u017ebina. Nije vreme za partikularne, strana\u010dke i pojedina\u010dne interese, ve\u0107 je vreme za odbranu dr\u017eave. Vremena su izazovna, a kada nisu bila, ali su danas ne\u0161to komplikovanija i ne\u0161to slo\u017eenija za Srbiju. Verujem da \u0107ete se dr\u017eati onoga \u0161to smo zajedno radi prethodnih 12 godina, posebno \u010duvaju\u0107i Srbe na Kosovu i Metohiji. Mnogo je simbolike u ovo datumu i Prvi srpski ustanak i prvi Ustav Srbije i onda na sve to da dodamo i ime va\u0161e stranke \u2013 Jedinstvena Srbija, to je sna\u017ena poruka i sna\u017ena simbolika, a na nama je da tu simboliku, politi\u010dkom borbom pretvorimo u realnost i da \u017eivimo i radimo za Srbiju i da se borimo dalje zajedno\u201c, rekao je potpredsednik SNS Milo\u0161 Vu\u010devi\u0107.<\/p>\n<p>DA\u010cI\u0106 : SRBIJA JE JAKA SAMO ONOLIKO KOLIKO JE JEDINSTVENA<\/p>\n<p>\u201eVi imate najlep\u0161e ime za jednu stranku, a to je Jedinstvena Srbija i to bi trebalo da bude cilj svim polit\u010dkim partijama i da bude ideal. Vreme u kojem \u017eivimo optere\u0107no je mnogim isku\u0161enjima i borbi izme\u0111u dobra i zla. Ti izazovi nisu novi, ali njihova kulminacija se de\u0161ava poslednjih, godina i kulminacija koja ide da verifikuje ratne zlo\u010dine nad na\u0161im narodom i egzodus na\u0161eg naroda i cilj te kulmanicije je pritsak na dr\u017eavno rukovodstvo Srbije, pre svega na predsednika Aleksandra Vu\u010di\u010da da popusti pred tim izazovima i ba\u0161 zato je neophodno jedinstvo u Srbiji, jer Srbija je jaka samo onoliko koliko je jedinstvena. U tome je i sva tragi\u010dnost srpske situacije. Srbi su mo\u017eda jedini narod u svetu da kada nas ima vi\u0161e, nije u pitanju operacija sabiranja, nego delenja. Na\u0161 zajedni\u010dki dr\u017eavni i nacionalni interes je da osmislimo najbolji mogu\u010di na\u0161in, kako da sa jedne strane za\u0161titimo nacionalni interes, a sa druge strane ekonomski interes svih na\u0161ih gra\u0111ana. U tome je sva kompleksnost ovoga trenutka, u tome je i sva te\u017eina situacije u kojoj se nalazi Aleksandar Vu\u010di\u0107. Zato mislim da je od kapitalne va\u017enosti da to narodno jedinstvo bude \u0161to ja\u010de, da bude \u0161to \u0161ire. Na\u017ealost svedoci smo da neke politi\u010dke stranke to ne \u017eele, ali svi oni koji druga\u010dije rade, rade na \u0161tetu dr\u017eavnog i nacionalnog nteresa Srbije. Ja mogu sa ponosom da ka\u017eem da smo sa SNS postigli ogromne rezultate i dali doprinos da se Srbija promeni nabolje u svim segmentima dru\u0161tva. Srbija je danas pouzdan i predvidiv partner na meunarodnom planu, Srbija je deo re\u0161avanja problema, a ne problem. Dani koji nas \u010dekaju sigurno nisu laki, ali u narednom periodu u Srbiji treba da ima puno volje, snage i politi\u010dkog kvaliteta, a ja mogu samo da ka\u017eem u ime partije koju ja vodim \u2013 SPS i sigurno Jedinstvene Srbije da \u0107emo mi u interesu Srbije nastaviti na\u0161e i partnerske, ali i prijateljske i bratske odnose sa Srpskom naprednom strankom i Aleksandrom Vu\u010di\u0107em\u201c, poru\u010dio je predsednik SPS Ivica Da\u010di\u0107.<\/p>\n","protected":false},"excerpt":{"rendered":"<p>U prostorijama Predsedni\u0161tva Jedinstvene Srbije u Beogradu, ova stranka je danas obele\u017eila svoju strana\u010dku slavu Sretenje i 19. ro\u0111endan u prisustvu rukovodstva stranke na \u010delu &hellip; <\/p>\n","protected":false},"author":2,"featured_media":34245,"comment_status":"open","ping_status":"open","sticky":false,"template":"","format":"standard","meta":{"footnotes":""},"categories":[1524,2,1514,13,12],"tags":[544,120,543],"_links":{"self":[{"href":"https:\/\/centralmedia.rs\/index.php\/wp-json\/wp\/v2\/posts\/34244"}],"collection":[{"href":"https:\/\/centralmedia.rs\/index.php\/wp-json\/wp\/v2\/posts"}],"about":[{"href":"https:\/\/centralmedia.rs\/index.php\/wp-json\/wp\/v2\/types\/post"}],"author":[{"embeddable":true,"href":"https:\/\/centralmedia.rs\/index.php\/wp-json\/wp\/v2\/users\/2"}],"replies":[{"embeddable":true,"href":"https:\/\/centralmedia.rs\/index.php\/wp-json\/wp\/v2\/comments?post=34244"}],"version-history":[{"count":1,"href":"https:\/\/centralmedia.rs\/index.php\/wp-json\/wp\/v2\/posts\/34244\/revisions"}],"predecessor-version":[{"id":34247,"href":"https:\/\/centralmedia.rs\/index.php\/wp-json\/wp\/v2\/posts\/34244\/revisions\/34247"}],"wp:featuredmedia":[{"embeddable":true,"href":"https:\/\/centralmedia.rs\/index.php\/wp-json\/wp\/v2\/media\/34245"}],"wp:attachment":[{"href":"https:\/\/centralmedia.rs\/index.php\/wp-json\/wp\/v2\/media?parent=34244"}],"wp:term":[{"taxonomy":"category","embeddable":true,"href":"https:\/\/centralmedia.rs\/index.php\/wp-json\/wp\/v2\/categories?post=34244"},{"taxonomy":"post_tag","embeddable":true,"href":"https:\/\/centralmedia.rs\/index.php\/wp-json\/wp\/v2\/tags?post=34244"}],"curies":[{"name":"wp","href":"https:\/\/api.w.org\/{rel}","templated":true}]}}