{"id":3425,"date":"2016-06-15T17:21:00","date_gmt":"2016-06-15T17:21:00","guid":{"rendered":"http:\/\/centralmedia.rs\/?p=3425"},"modified":"2017-01-20T02:04:38","modified_gmt":"2017-01-20T02:04:38","slug":"ditman-u-paracinu-nemci-investirali-35-milijardi-evra","status":"publish","type":"post","link":"https:\/\/centralmedia.rs\/index.php\/2016\/06\/15\/ditman-u-paracinu-nemci-investirali-35-milijardi-evra\/","title":{"rendered":"DITMAN U PARA\u0106INU &#8211; NEMCI INVESTIRALI 3,5 MILIJARDI EVRA"},"content":{"rendered":"<p>PARA\u0106IN-Ambasador Nema\u010dke u Beogradu Aksel Ditman izjavio je u Para\u0107inu da je ,,Nema\u010dka investirala u Srbiji od 2000 godine 3,5 milijardi evra\u201c.<\/p>\n<p>-Nema\u010dka razvojna pomo\u0107 preko kredita KFW banke je 1,7 milijardi evra, a kompanije su otvorile 31.000 radnih mesta i ulo\u017eile 1,8 milijardki evra. Nema\u010dko-srpska saradnja je veoma intenzivna, kako na dr\u017eavnom nivou tako preko organizacija KFW i GIZ, ali i na nivou kompanija, ocenio je\u00a0 on.<a href=\"https:\/\/centralmedia.rs\/wp-content\/uploads\/2016\/06\/ditman-i-paunovic-1-paracin-g.j..jpg\"><img loading=\"lazy\" decoding=\"async\" class=\"alignnone size-medium wp-image-3427\" src=\"https:\/\/centralmedia.rs\/wp-content\/uploads\/2016\/06\/ditman-i-paunovic-1-paracin-g.j.-300x187.jpg\" alt=\"ditman i paunovic 1-paracin-g.j.\" width=\"300\" height=\"187\" srcset=\"https:\/\/centralmedia.rs\/wp-content\/uploads\/2016\/06\/ditman-i-paunovic-1-paracin-g.j.-300x187.jpg 300w, https:\/\/centralmedia.rs\/wp-content\/uploads\/2016\/06\/ditman-i-paunovic-1-paracin-g.j.-768x478.jpg 768w, https:\/\/centralmedia.rs\/wp-content\/uploads\/2016\/06\/ditman-i-paunovic-1-paracin-g.j..jpg 900w\" sizes=\"(max-width: 300px) 100vw, 300px\" \/><\/a><\/p>\n<p>U Para\u0107inu je preko KFW banke realizovano 1,5 miliona evra kredita za podr\u0161ku u nabavci vozila i opreme za komunalna preduze\u0107a.<\/p>\n<p>-Sproveli smo projekte nabavke ma\u0161ina za komunalna preduze\u0107a, izgradnja vodovodnih sistema u selima i komasacija zemlje u selima. O\u010dekujemo nove projekte iz oblasti enegetske efikasnosti. Projekti koje finansira EU su nam zna\u010dajni i Srbija mo\u017ee o\u010dekivati podr\u0161ku kroz kredite, grantove, donatorska sredstva i direktne donacije, rekao je predsednik te op\u0161tine Sa\u0161a Paunovi\u0107.<\/p>\n","protected":false},"excerpt":{"rendered":"<p>PARA\u0106IN-Ambasador Nema\u010dke u Beogradu Aksel Ditman izjavio je u Para\u0107inu da je ,,Nema\u010dka investirala u Srbiji od 2000 godine 3,5 milijardi evra\u201c. -Nema\u010dka razvojna pomo\u0107 &hellip; <\/p>\n","protected":false},"author":4,"featured_media":3426,"comment_status":"open","ping_status":"open","sticky":false,"template":"","format":"standard","meta":{"footnotes":""},"categories":[1524,2,1516,13,887,12],"tags":[892,156,333],"_links":{"self":[{"href":"https:\/\/centralmedia.rs\/index.php\/wp-json\/wp\/v2\/posts\/3425"}],"collection":[{"href":"https:\/\/centralmedia.rs\/index.php\/wp-json\/wp\/v2\/posts"}],"about":[{"href":"https:\/\/centralmedia.rs\/index.php\/wp-json\/wp\/v2\/types\/post"}],"author":[{"embeddable":true,"href":"https:\/\/centralmedia.rs\/index.php\/wp-json\/wp\/v2\/users\/4"}],"replies":[{"embeddable":true,"href":"https:\/\/centralmedia.rs\/index.php\/wp-json\/wp\/v2\/comments?post=3425"}],"version-history":[{"count":0,"href":"https:\/\/centralmedia.rs\/index.php\/wp-json\/wp\/v2\/posts\/3425\/revisions"}],"wp:featuredmedia":[{"embeddable":true,"href":"https:\/\/centralmedia.rs\/index.php\/wp-json\/wp\/v2\/media\/3426"}],"wp:attachment":[{"href":"https:\/\/centralmedia.rs\/index.php\/wp-json\/wp\/v2\/media?parent=3425"}],"wp:term":[{"taxonomy":"category","embeddable":true,"href":"https:\/\/centralmedia.rs\/index.php\/wp-json\/wp\/v2\/categories?post=3425"},{"taxonomy":"post_tag","embeddable":true,"href":"https:\/\/centralmedia.rs\/index.php\/wp-json\/wp\/v2\/tags?post=3425"}],"curies":[{"name":"wp","href":"https:\/\/api.w.org\/{rel}","templated":true}]}}