{"id":34286,"date":"2023-02-22T14:34:11","date_gmt":"2023-02-22T13:34:11","guid":{"rendered":"http:\/\/centralmedia.rs\/?p=34286"},"modified":"2023-02-25T13:43:17","modified_gmt":"2023-02-25T12:43:17","slug":"bele-poklade-u-svilajncu-2","status":"publish","type":"post","link":"https:\/\/centralmedia.rs\/index.php\/2023\/02\/22\/bele-poklade-u-svilajncu-2\/","title":{"rendered":"BELE POKLADE U SVILAJNCU"},"content":{"rendered":"<p>&nbsp;<\/p>\n<p>SVILAJNAC- U nedelju 26. februara 2023. godine u Svilajncu se odr\u017eava omiljena gradska manifestacija Bele poklade i to 14. put za redom.\u00a0 Tradicionalni maskenbal okuplja oko hiljadu u\u010desnika pokladnog karnevala iz celog regiona.<\/p>\n<p><img loading=\"lazy\" decoding=\"async\" class=\"alignnone wp-image-34288 size-large\" src=\"http:\/\/centralmedia.rs\/wp-content\/uploads\/2023\/02\/mskembal-819x1024.jpg\" alt=\"\" width=\"640\" height=\"800\" srcset=\"https:\/\/centralmedia.rs\/wp-content\/uploads\/2023\/02\/mskembal-819x1024.jpg 819w, https:\/\/centralmedia.rs\/wp-content\/uploads\/2023\/02\/mskembal-240x300.jpg 240w, https:\/\/centralmedia.rs\/wp-content\/uploads\/2023\/02\/mskembal-768x960.jpg 768w, https:\/\/centralmedia.rs\/wp-content\/uploads\/2023\/02\/mskembal-336x420.jpg 336w, https:\/\/centralmedia.rs\/wp-content\/uploads\/2023\/02\/mskembal-640x800.jpg 640w, https:\/\/centralmedia.rs\/wp-content\/uploads\/2023\/02\/mskembal-681x851.jpg 681w, https:\/\/centralmedia.rs\/wp-content\/uploads\/2023\/02\/mskembal.jpg 1080w\" sizes=\"(max-width: 640px) 100vw, 640px\" \/><\/p>\n<p>Pokladna povorka okuplja se u 11 sati u Parku evropskog prijateljstva, odakle karnevalska povorka glavnim gradskim ulicama ide do Trga Stevana Sin\u0111eli\u0107a gde se okuplja uz tradicionalnu pokladnu vatru i poslu\u017eenje. Osim uli\u010dnih zabavlja\u010da, ove godine specijalna go\u0161\u0107a maskenbala je Tijana Dap\u010devi\u0107.<\/p>\n<p>Bele poklade korene imaju u starim, tradicionalnim obi\u010dajima kada su bile posve\u0107ene proslavi po\u010detka prole\u0107a. Uz paljenje pokladne vatre u\u010desnici maskenbala po starom dobrom obi\u010daju treba da simboli\u010dno oteraju zimu i zle duhove, a prizovu i do\u010dekaju prole\u0107e, lepo vreme i rodnu godinu. Belom nedeljom se smatra poslednja sedmica pred Uskr\u0161nji post, gde se poslednji dan naziva Belim pokladama. Raznovrsnost maski i kreativnost u\u010desnika ovu pokladnu povorku pretvorili su u svojevrstan karneval pod maskama \u010dijoj pozitivnoj atmosferi doprinosi sve ve\u0107i broj uli\u010dnih zabavlja\u010da i gostiju sa strane.<\/p>\n","protected":false},"excerpt":{"rendered":"<p>&nbsp; SVILAJNAC- U nedelju 26. februara 2023. godine u Svilajncu se odr\u017eava omiljena gradska manifestacija Bele poklade i to 14. put za redom.\u00a0 Tradicionalni maskenbal &hellip; <\/p>\n","protected":false},"author":2,"featured_media":34287,"comment_status":"open","ping_status":"open","sticky":false,"template":"","format":"standard","meta":{"footnotes":""},"categories":[1524,2,23,1517,3055],"tags":[5712,38],"_links":{"self":[{"href":"https:\/\/centralmedia.rs\/index.php\/wp-json\/wp\/v2\/posts\/34286"}],"collection":[{"href":"https:\/\/centralmedia.rs\/index.php\/wp-json\/wp\/v2\/posts"}],"about":[{"href":"https:\/\/centralmedia.rs\/index.php\/wp-json\/wp\/v2\/types\/post"}],"author":[{"embeddable":true,"href":"https:\/\/centralmedia.rs\/index.php\/wp-json\/wp\/v2\/users\/2"}],"replies":[{"embeddable":true,"href":"https:\/\/centralmedia.rs\/index.php\/wp-json\/wp\/v2\/comments?post=34286"}],"version-history":[{"count":1,"href":"https:\/\/centralmedia.rs\/index.php\/wp-json\/wp\/v2\/posts\/34286\/revisions"}],"predecessor-version":[{"id":34289,"href":"https:\/\/centralmedia.rs\/index.php\/wp-json\/wp\/v2\/posts\/34286\/revisions\/34289"}],"wp:featuredmedia":[{"embeddable":true,"href":"https:\/\/centralmedia.rs\/index.php\/wp-json\/wp\/v2\/media\/34287"}],"wp:attachment":[{"href":"https:\/\/centralmedia.rs\/index.php\/wp-json\/wp\/v2\/media?parent=34286"}],"wp:term":[{"taxonomy":"category","embeddable":true,"href":"https:\/\/centralmedia.rs\/index.php\/wp-json\/wp\/v2\/categories?post=34286"},{"taxonomy":"post_tag","embeddable":true,"href":"https:\/\/centralmedia.rs\/index.php\/wp-json\/wp\/v2\/tags?post=34286"}],"curies":[{"name":"wp","href":"https:\/\/api.w.org\/{rel}","templated":true}]}}