{"id":34290,"date":"2023-02-22T14:37:56","date_gmt":"2023-02-22T13:37:56","guid":{"rendered":"http:\/\/centralmedia.rs\/?p=34290"},"modified":"2023-02-25T13:42:34","modified_gmt":"2023-02-25T12:42:34","slug":"nemacka-kompanija-gradi-fabriku-u-svilajncu","status":"publish","type":"post","link":"https:\/\/centralmedia.rs\/index.php\/2023\/02\/22\/nemacka-kompanija-gradi-fabriku-u-svilajncu\/","title":{"rendered":"NEMA\u010cKA KOMPANIJA GRADI FABRIKU U SVILAJNCU"},"content":{"rendered":"<p>&nbsp;<\/p>\n<p>SVILAJNAC-Predsednik op\u0161tine Svilajnac Predrag Milanovi\u0107 obi\u0161ao je danas radove na ra\u0161\u010di\u0161\u0107avanju terena u \u201eNovoj zoni privre\u0111ivanja\u201c gde po\u010dinje izgradnja novog pogona kompanije Alkom.<\/p>\n<div id='gallery-1' class='gallery galleryid-34290 gallery-columns-3 gallery-size-thumbnail'><figure class='gallery-item'>\n\t\t\t<div class='gallery-icon landscape'>\n\t\t\t\t<a href='https:\/\/centralmedia.rs\/index.php\/2023\/02\/22\/nemacka-kompanija-gradi-fabriku-u-svilajncu\/alkom1\/'><img loading=\"lazy\" decoding=\"async\" width=\"150\" height=\"150\" src=\"https:\/\/centralmedia.rs\/wp-content\/uploads\/2023\/02\/alkom1-150x150.jpg\" class=\"attachment-thumbnail size-thumbnail\" alt=\"\" \/><\/a>\n\t\t\t<\/div><\/figure><figure class='gallery-item'>\n\t\t\t<div class='gallery-icon landscape'>\n\t\t\t\t<a href='https:\/\/centralmedia.rs\/index.php\/2023\/02\/22\/nemacka-kompanija-gradi-fabriku-u-svilajncu\/alkom2\/'><img loading=\"lazy\" decoding=\"async\" width=\"150\" height=\"150\" src=\"https:\/\/centralmedia.rs\/wp-content\/uploads\/2023\/02\/alkom2-150x150.jpg\" class=\"attachment-thumbnail size-thumbnail\" alt=\"\" \/><\/a>\n\t\t\t<\/div><\/figure><figure class='gallery-item'>\n\t\t\t<div class='gallery-icon landscape'>\n\t\t\t\t<a href='https:\/\/centralmedia.rs\/index.php\/2023\/02\/22\/nemacka-kompanija-gradi-fabriku-u-svilajncu\/alkom3\/'><img loading=\"lazy\" decoding=\"async\" width=\"150\" height=\"150\" src=\"https:\/\/centralmedia.rs\/wp-content\/uploads\/2023\/02\/alkom3-150x150.jpg\" class=\"attachment-thumbnail size-thumbnail\" alt=\"\" \/><\/a>\n\t\t\t<\/div><\/figure>\n\t\t<\/div>\n\n<p>\u201eNema\u010dka kompanija Alkom, koja se bavi proizvodnjom aluminijumskih profila, gradi jednu veliku fabriku koja \u0107e imati oko 6.000m\u00b2 u osnovi i jo\u0161 oko 300m\u00b2 poslovnog prostora. Ovo je velika i dugoro\u010dna investicija, koja \u0107e obu\u010davati novu radnu snagu, zaposli\u0107e nove radnike i pove\u0107a\u0107e svoju proizvodnju\u201c \u2013 izjavio je Milanovi\u0107 i dodao da je industrijska zona \u201eVeliko polje\u201c\u00a0 popunjenja sa fabrikama i da se sad popunjava \u201eNova zona privre\u0111ivanja\u201csa nekoliko novih investitora.<\/p>\n","protected":false},"excerpt":{"rendered":"<p>&nbsp; SVILAJNAC-Predsednik op\u0161tine Svilajnac Predrag Milanovi\u0107 obi\u0161ao je danas radove na ra\u0161\u010di\u0161\u0107avanju terena u \u201eNovoj zoni privre\u0111ivanja\u201c gde po\u010dinje izgradnja novog pogona kompanije Alkom. \u201eNema\u010dka &hellip; <\/p>\n","protected":false},"author":2,"featured_media":34291,"comment_status":"open","ping_status":"open","sticky":false,"template":"","format":"standard","meta":{"footnotes":""},"categories":[22,1524,2,12,1517],"tags":[6129,1304,38],"_links":{"self":[{"href":"https:\/\/centralmedia.rs\/index.php\/wp-json\/wp\/v2\/posts\/34290"}],"collection":[{"href":"https:\/\/centralmedia.rs\/index.php\/wp-json\/wp\/v2\/posts"}],"about":[{"href":"https:\/\/centralmedia.rs\/index.php\/wp-json\/wp\/v2\/types\/post"}],"author":[{"embeddable":true,"href":"https:\/\/centralmedia.rs\/index.php\/wp-json\/wp\/v2\/users\/2"}],"replies":[{"embeddable":true,"href":"https:\/\/centralmedia.rs\/index.php\/wp-json\/wp\/v2\/comments?post=34290"}],"version-history":[{"count":1,"href":"https:\/\/centralmedia.rs\/index.php\/wp-json\/wp\/v2\/posts\/34290\/revisions"}],"predecessor-version":[{"id":34295,"href":"https:\/\/centralmedia.rs\/index.php\/wp-json\/wp\/v2\/posts\/34290\/revisions\/34295"}],"wp:featuredmedia":[{"embeddable":true,"href":"https:\/\/centralmedia.rs\/index.php\/wp-json\/wp\/v2\/media\/34291"}],"wp:attachment":[{"href":"https:\/\/centralmedia.rs\/index.php\/wp-json\/wp\/v2\/media?parent=34290"}],"wp:term":[{"taxonomy":"category","embeddable":true,"href":"https:\/\/centralmedia.rs\/index.php\/wp-json\/wp\/v2\/categories?post=34290"},{"taxonomy":"post_tag","embeddable":true,"href":"https:\/\/centralmedia.rs\/index.php\/wp-json\/wp\/v2\/tags?post=34290"}],"curies":[{"name":"wp","href":"https:\/\/api.w.org\/{rel}","templated":true}]}}