{"id":34296,"date":"2023-02-22T14:41:51","date_gmt":"2023-02-22T13:41:51","guid":{"rendered":"http:\/\/centralmedia.rs\/?p=34296"},"modified":"2023-02-25T13:42:22","modified_gmt":"2023-02-25T12:42:22","slug":"prateci-program-49-dana-komedije","status":"publish","type":"post","link":"https:\/\/centralmedia.rs\/index.php\/2023\/02\/22\/prateci-program-49-dana-komedije\/","title":{"rendered":"PRATE\u0106I PROGRAM 49. DANA KOMEDIJE"},"content":{"rendered":"<p>&nbsp;<\/p>\n<p>\u010cetvrtak, 16. mart<\/p>\n<p>Kulturni centar Jagodina u 20.00<\/p>\n<p>Vladimir \u0110ur\u0111evi\u0107<\/p>\n<p>Ne igraj na Engleze<\/p>\n<p>Re\u017eija: Petar Miti\u0107<\/p>\n<p>GRADSKO POZORI\u0160TE JAGODINA<\/p>\n<p>&nbsp;<\/p>\n<p>Nedelja, 19. mart<\/p>\n<p>Fakultet pedago\u0161kih nauka u 18.00 \u010dasova<\/p>\n<p>Promocija knjige o Miri Banjac<\/p>\n<p>U\u010destvuju: autor Tatjana Nje\u017ei\u0107 i Mira Banjac, glumica<\/p>\n<p>&nbsp;<\/p>\n<p>Ponedeljak, 20. mart<\/p>\n<p>Galerija Kulturnog centra u 19.00<\/p>\n<p>Otvaranje izlo\u017ebe<\/p>\n<p>\u201eSva lica Mire Banjac\u201c<\/p>\n<p>Izlo\u017ebu prire\u0111uje Muzej pozori\u0161ne umetnosti Vojvodine<\/p>\n<p>&nbsp;<\/p>\n<p>Sreda 22. mart<\/p>\n<p>Galerija Kulturnog centra u 19.00<\/p>\n<p>Promocija \u010dasopisa LUDUS<\/p>\n<p>U\u010destvuju: Tatjana Nje\u017ei\u0107, urednik \u010dasopisa &#8230;<\/p>\n<p>&nbsp;<\/p>\n<p>Petak, 24. mart<\/p>\n<p>Kulturni centar Jagodina u 10.00<\/p>\n<p>\u201e\u010cizma ma\u010dku \u010duva\u201c<\/p>\n<p>Re\u017eija: Petar Miti\u0107<\/p>\n<p>GRADSKO POZORI\u0160TE JAGODINA<\/p>\n<p>&nbsp;<\/p>\n<p>Fakultet pedago\u0161kih nauka 10.00 \u2013 14.00 \u010dasova<\/p>\n<p>Okrugli sto \u2013 \u201eZa kakvu smo danas komediju spremni?\u201c<\/p>\n<p>Moderatori: Neboj\u0161a Bradi\u0107, reditelj i Aleksandar Milosavljevi\u0107, pozori\u0161ni kriti\u010dar i teatrolog<\/p>\n<p>&nbsp;<\/p>\n<p>Kulturni centar Jagodina u 22.30<\/p>\n<p>Ve\u010dernji program<\/p>\n<p>Autorska monodrama Sandre Sila\u0111ev<\/p>\n<p>\u201eDEJT\u201c<\/p>\n<p>&nbsp;<\/p>\n<p>&nbsp;<\/p>\n<p>Subota, 25. mart<\/p>\n<p>&nbsp;<\/p>\n<p>Jagodinska vinarija \u201ePiano\u201c u 17.00<\/p>\n<p>Monodrama \u201e\u017dena iz Porto Pima\u201c u izvo\u0111enju Jugoslava Krajnova<\/p>\n<p>&nbsp;<\/p>\n<p>Kulturni centar Jagodina u 19.00<\/p>\n<p>Promocija izdanja Sterijinog pozorja iz Novog Sada i \u010dasopisa za pozori\u0161nu umetnost \u201eSCENA\u201c<\/p>\n<p>U\u010destvuju: Miroslav Miki Radonji\u0107, direktor Sterijinog pozorja, Milo\u0161 Latinovi\u0107, glavni i odgovorni urednik \u010dasopisa SCENA&#8230;&#8230;.<\/p>\n<p>&nbsp;<\/p>\n<p>Nedelja, 26. mart<\/p>\n<p>Galerija Kulturnog centra Jagodina u 19.00<\/p>\n<p>Muzi\u010dki program \u2013 MAESTRO AKUSTIK<\/p>\n<p>&nbsp;<\/p>\n<p>&nbsp;<\/p>\n","protected":false},"excerpt":{"rendered":"<p>&nbsp; \u010cetvrtak, 16. mart Kulturni centar Jagodina u 20.00 Vladimir \u0110ur\u0111evi\u0107 Ne igraj na Engleze Re\u017eija: Petar Miti\u0107 GRADSKO POZORI\u0160TE JAGODINA &nbsp; Nedelja, 19. mart &hellip; <\/p>\n","protected":false},"author":2,"featured_media":34257,"comment_status":"open","ping_status":"open","sticky":false,"template":"","format":"standard","meta":{"footnotes":""},"categories":[1524,2,1514,15,12],"tags":[506,58,6130],"_links":{"self":[{"href":"https:\/\/centralmedia.rs\/index.php\/wp-json\/wp\/v2\/posts\/34296"}],"collection":[{"href":"https:\/\/centralmedia.rs\/index.php\/wp-json\/wp\/v2\/posts"}],"about":[{"href":"https:\/\/centralmedia.rs\/index.php\/wp-json\/wp\/v2\/types\/post"}],"author":[{"embeddable":true,"href":"https:\/\/centralmedia.rs\/index.php\/wp-json\/wp\/v2\/users\/2"}],"replies":[{"embeddable":true,"href":"https:\/\/centralmedia.rs\/index.php\/wp-json\/wp\/v2\/comments?post=34296"}],"version-history":[{"count":1,"href":"https:\/\/centralmedia.rs\/index.php\/wp-json\/wp\/v2\/posts\/34296\/revisions"}],"predecessor-version":[{"id":34297,"href":"https:\/\/centralmedia.rs\/index.php\/wp-json\/wp\/v2\/posts\/34296\/revisions\/34297"}],"wp:featuredmedia":[{"embeddable":true,"href":"https:\/\/centralmedia.rs\/index.php\/wp-json\/wp\/v2\/media\/34257"}],"wp:attachment":[{"href":"https:\/\/centralmedia.rs\/index.php\/wp-json\/wp\/v2\/media?parent=34296"}],"wp:term":[{"taxonomy":"category","embeddable":true,"href":"https:\/\/centralmedia.rs\/index.php\/wp-json\/wp\/v2\/categories?post=34296"},{"taxonomy":"post_tag","embeddable":true,"href":"https:\/\/centralmedia.rs\/index.php\/wp-json\/wp\/v2\/tags?post=34296"}],"curies":[{"name":"wp","href":"https:\/\/api.w.org\/{rel}","templated":true}]}}