{"id":34326,"date":"2023-02-24T12:55:13","date_gmt":"2023-02-24T11:55:13","guid":{"rendered":"http:\/\/centralmedia.rs\/?p=34326"},"modified":"2023-03-02T20:45:31","modified_gmt":"2023-03-02T19:45:31","slug":"palma-grcka-je-za-srbe-druga-kuca","status":"publish","type":"post","link":"https:\/\/centralmedia.rs\/index.php\/2023\/02\/24\/palma-grcka-je-za-srbe-druga-kuca\/","title":{"rendered":"PALMA: GR\u010cKA JE ZA SRBE DRUGA KU\u0106A"},"content":{"rendered":"<p>JAGODINA- Za Srbiju je najva\u017enije da Gr\u010dka nije priznala nezavisno Kosovo, da predsednici Srbije i Gr\u010dke Vu\u010di\u0107 i Micotakis imaju veoma dobru saradnju, a da je Gr\u010dka za Srbe druga ku\u0107a, te o\u010dekujem, kada je re\u010d o Kritu, da \u00a0na\u0161i turisti odlaze na to ostrvo, rekao je predsednik Skup\u0161tine grada Jagodina Dragan Markovi\u0107 Palma prilikom posete Jagodini delegacije sa ostrva Krit.<\/p>\n<p>-Predlo\u017eio sam da, pored politi\u010dke saradnje, pove\u0107amo ekonomsku razmenu \u00a0izme\u0111u Srbije i Gr\u010dke, a da saradnja bude u robi koju oni uvoze iz drugih evropskih dr\u017eava. Srbija treba da ima prioritet zato \u0161to je u Gr\u010dkoj najvi\u0161e srpskih turista. Na\u0161im gra\u0111anima uvek preporu\u010dujemo da odlaze na letovanje u dr\u017eave gde nas vole, po\u0161tuju, cene, gde su tradicionalno prijateljski odnosi, pravoslavan narod i to je upravo Gr\u010dka, rekao je Markovi\u0107<\/p>\n<p>On je podsetio da u proteklih 15 godina\u00a0 svakog leta grad Jagodina vodi minumim 3.000 gra\u0111ana i \u0111aka, a pro\u0161le godine u vreme korone preko 2.000 uglavnom zdravstvenih radnika \u00a0iz 35 gradova, jer su \u0111a\u010dki odmori pauzirani zbog epidemije.<\/p>\n<p>-Od 30. maja do 4. juna vodimo 1.200 gra\u0111ana u Gr\u010dku, ali pre toga od 14. do 16. marta vodimo 350 studenata i prosvetnih radnika, najavio je Markovi\u0107.<\/p>\n<p>Gradona\u010delnik Anoje na Kritu Sokratis Kefalojanis istakao da \u0107e ovog leta broj redovnih letova biti pove\u0107an na 7 na liniji Srbija \u2013 Krit, te podr\u017eao povezivanje i udru\u017eivanje u svakom smislu \u00a0Krita i Srbije.<\/p>\n<p>U delegaciji Krita su zamenici guvernera Jorgos Piculis i Nikos Ksiluris, po\u010dasni konzul Srbije u Gr\u010dkoj Nikos Papadandonakis i ambasador Srbije u Atini Du\u0161an Spasojevi\u0107.<\/p>\n","protected":false},"excerpt":{"rendered":"<p>JAGODINA- Za Srbiju je najva\u017enije da Gr\u010dka nije priznala nezavisno Kosovo, da predsednici Srbije i Gr\u010dke Vu\u010di\u0107 i Micotakis imaju veoma dobru saradnju, a da &hellip; <\/p>\n","protected":false},"author":2,"featured_media":34327,"comment_status":"open","ping_status":"open","sticky":false,"template":"","format":"standard","meta":{"footnotes":""},"categories":[1524,2,1514,13,12],"tags":[58,6133,120],"_links":{"self":[{"href":"https:\/\/centralmedia.rs\/index.php\/wp-json\/wp\/v2\/posts\/34326"}],"collection":[{"href":"https:\/\/centralmedia.rs\/index.php\/wp-json\/wp\/v2\/posts"}],"about":[{"href":"https:\/\/centralmedia.rs\/index.php\/wp-json\/wp\/v2\/types\/post"}],"author":[{"embeddable":true,"href":"https:\/\/centralmedia.rs\/index.php\/wp-json\/wp\/v2\/users\/2"}],"replies":[{"embeddable":true,"href":"https:\/\/centralmedia.rs\/index.php\/wp-json\/wp\/v2\/comments?post=34326"}],"version-history":[{"count":3,"href":"https:\/\/centralmedia.rs\/index.php\/wp-json\/wp\/v2\/posts\/34326\/revisions"}],"predecessor-version":[{"id":34330,"href":"https:\/\/centralmedia.rs\/index.php\/wp-json\/wp\/v2\/posts\/34326\/revisions\/34330"}],"wp:featuredmedia":[{"embeddable":true,"href":"https:\/\/centralmedia.rs\/index.php\/wp-json\/wp\/v2\/media\/34327"}],"wp:attachment":[{"href":"https:\/\/centralmedia.rs\/index.php\/wp-json\/wp\/v2\/media?parent=34326"}],"wp:term":[{"taxonomy":"category","embeddable":true,"href":"https:\/\/centralmedia.rs\/index.php\/wp-json\/wp\/v2\/categories?post=34326"},{"taxonomy":"post_tag","embeddable":true,"href":"https:\/\/centralmedia.rs\/index.php\/wp-json\/wp\/v2\/tags?post=34326"}],"curies":[{"name":"wp","href":"https:\/\/api.w.org\/{rel}","templated":true}]}}