{"id":34354,"date":"2023-03-02T20:01:36","date_gmt":"2023-03-02T19:01:36","guid":{"rendered":"http:\/\/centralmedia.rs\/?p=34354"},"modified":"2023-03-07T13:22:36","modified_gmt":"2023-03-07T12:22:36","slug":"saradnja-opstine-svilajnac-i-fondacije-ana-i-vlade-divac","status":"publish","type":"post","link":"https:\/\/centralmedia.rs\/index.php\/2023\/03\/02\/saradnja-opstine-svilajnac-i-fondacije-ana-i-vlade-divac\/","title":{"rendered":"SARADNjA OP\u0160TINE SVILAJNAC I FONDACIJE ANA I VLADE DIVAC"},"content":{"rendered":"<p>&nbsp;<\/p>\n<p>SVILAJNAC-Op\u0161tina Svilajnac potpisala je sa Fondacijom Ana i Vlade Divac Ugovor o saradnji za osnivanje zajedni\u010dkog fonda koji \u0107e slu\u017eiti za davanje donacija mladim poljoprivrednicima, u\u010denicima zavr\u0161ne godine Poljoprivredno-veterinarske \u0161kole sa domom u\u010denika \u201eSvilajnac\u201c.<\/p>\n<div id='gallery-1' class='gallery galleryid-34354 gallery-columns-3 gallery-size-thumbnail'><figure class='gallery-item'>\n\t\t\t<div class='gallery-icon landscape'>\n\t\t\t\t<a href='https:\/\/centralmedia.rs\/index.php\/2023\/03\/02\/saradnja-opstine-svilajnac-i-fondacije-ana-i-vlade-divac\/divac\/'><img loading=\"lazy\" decoding=\"async\" width=\"150\" height=\"150\" src=\"https:\/\/centralmedia.rs\/wp-content\/uploads\/2023\/03\/divac-150x150.jpg\" class=\"attachment-thumbnail size-thumbnail\" alt=\"\" \/><\/a>\n\t\t\t<\/div><\/figure><figure class='gallery-item'>\n\t\t\t<div class='gallery-icon landscape'>\n\t\t\t\t<a href='https:\/\/centralmedia.rs\/index.php\/2023\/03\/02\/saradnja-opstine-svilajnac-i-fondacije-ana-i-vlade-divac\/fondacija\/'><img loading=\"lazy\" decoding=\"async\" width=\"150\" height=\"150\" src=\"https:\/\/centralmedia.rs\/wp-content\/uploads\/2023\/03\/fondacija-150x150.jpg\" class=\"attachment-thumbnail size-thumbnail\" alt=\"\" \/><\/a>\n\t\t\t<\/div><\/figure><figure class='gallery-item'>\n\t\t\t<div class='gallery-icon landscape'>\n\t\t\t\t<a href='https:\/\/centralmedia.rs\/index.php\/2023\/03\/02\/saradnja-opstine-svilajnac-i-fondacije-ana-i-vlade-divac\/fondacija1\/'><img loading=\"lazy\" decoding=\"async\" width=\"150\" height=\"150\" src=\"https:\/\/centralmedia.rs\/wp-content\/uploads\/2023\/03\/fondacija1-150x150.jpg\" class=\"attachment-thumbnail size-thumbnail\" alt=\"\" \/><\/a>\n\t\t\t<\/div><\/figure>\n\t\t<\/div>\n\n<p>Osnivanje \u201eFonda za osna\u017eivanje mladih poljoprivrednika\u201c ima za cilj\u00a0 da pru\u017ei podr\u0161ku u\u010denicima zavr\u0161nih godina koji \u017eele da nastave da se bave poljoprivredom i unapre\u0111uju svoje porodi\u010dno gazdinstvo. Osim finansijske podr\u0161ke, ovi mladi ljudi ima\u0107e mogu\u0107nost da prisustvuju stru\u010dnim predavanjima, da dobiju podr\u0161ku mentora i da naue da razvijaju sopstveni poslovni plan.<\/p>\n<p>Ugovor je potpisala zamenik predsednika op\u0161tine Svilajnac Dragana Radevi\u0107, koja je istakla da je ovim projektom samo nastvaljena saradnja koju Op\u0161tina ima sa Fondacijom Ana i Vlade Divac:<\/p>\n<p>\u201eNa\u0161a saradnja po\u010dinje jo\u0161 2014. godine, kada je Fondacija Ana i Vlade Divac pomogla poljoprivrednike i rekonstrukciju ku\u0107a o\u0161te\u0107enih u velikom poplavnom talasu koji je te godine zadesio Op\u0161tinu Svilajnac. I sada sa velikim zadovoljstvom nastavljamo saradnju kroz projekat u kome \u0107e u\u010destvovati i Poljoprivredno-veterinarska \u0161kola, odnosno u\u010denici iz Svilajnca. Ovaj projekat podrazumeva podsticanje i osposobljavanje mladih u\u010denika da nastave poljoprivrednu proizvodnju, da unapre\u0111uju svoja gazdinstva, da budu konkurentni na tr\u017ei\u0161tu, da njihova proizvodnja bude ekonomi\u010dna i da nau\u010de kako da konkuri\u0161u za sredstva od razli\u010ditih fondova.\u201c \u2013 izjavila je ona.<\/p>\n<p>Direktorka Fondacije Ana i Vlade Divac Ana Ko\u0161el naglasila je, da je osim donacije, zna\u010dajna i edukacija mladih poljoprivrednika:<\/p>\n<p>\u201eNau\u010di\u0107e kako da napi\u0161u biznis plan, kako da konkuri\u0161u za podsticajna sredstva za razvoj porodi\u010dnog gazdinstva i kako da unaprede svoju proizvodnju. Ovaj projakat deo je programa \u201eVelika mala privreda\u201c koji finansira USAID, a sprovodi ACDI\/VOCA, sa krajnjim ciljem da unapre\u0111enjem poljoprivredne proizvodnje mladi ljudi osiguraju bolje uslove za \u017eivot svojih porodica na selu\u201c \u2013 izjavila je ona i dodala da je Fondacija obezbedila 700.000 dinara, a Op\u0161tina Svilajnac milion dinara za \u201eFond za osna\u017eivanje mladih poljoprivrednika\u201c.<\/p>\n<p>Svi zainteresovani u\u010denici zavr\u0161ne godine Poljoprivredno-veterinarske \u0161kole sa domom u\u010denika \u201eSvilajnac\u201c mogu da u\u010destvuju u programu, a oni \u010diji poslovni plan komisija proglasi najboljim, dobijaju donacije.<\/p>\n","protected":false},"excerpt":{"rendered":"<p>&nbsp; SVILAJNAC-Op\u0161tina Svilajnac potpisala je sa Fondacijom Ana i Vlade Divac Ugovor o saradnji za osnivanje zajedni\u010dkog fonda koji \u0107e slu\u017eiti za davanje donacija mladim &hellip; <\/p>\n","protected":false},"author":2,"featured_media":34355,"comment_status":"open","ping_status":"open","sticky":false,"template":"","format":"standard","meta":{"footnotes":""},"categories":[22,1524,2,12,1517],"tags":[6136,6137,38],"_links":{"self":[{"href":"https:\/\/centralmedia.rs\/index.php\/wp-json\/wp\/v2\/posts\/34354"}],"collection":[{"href":"https:\/\/centralmedia.rs\/index.php\/wp-json\/wp\/v2\/posts"}],"about":[{"href":"https:\/\/centralmedia.rs\/index.php\/wp-json\/wp\/v2\/types\/post"}],"author":[{"embeddable":true,"href":"https:\/\/centralmedia.rs\/index.php\/wp-json\/wp\/v2\/users\/2"}],"replies":[{"embeddable":true,"href":"https:\/\/centralmedia.rs\/index.php\/wp-json\/wp\/v2\/comments?post=34354"}],"version-history":[{"count":1,"href":"https:\/\/centralmedia.rs\/index.php\/wp-json\/wp\/v2\/posts\/34354\/revisions"}],"predecessor-version":[{"id":34359,"href":"https:\/\/centralmedia.rs\/index.php\/wp-json\/wp\/v2\/posts\/34354\/revisions\/34359"}],"wp:featuredmedia":[{"embeddable":true,"href":"https:\/\/centralmedia.rs\/index.php\/wp-json\/wp\/v2\/media\/34355"}],"wp:attachment":[{"href":"https:\/\/centralmedia.rs\/index.php\/wp-json\/wp\/v2\/media?parent=34354"}],"wp:term":[{"taxonomy":"category","embeddable":true,"href":"https:\/\/centralmedia.rs\/index.php\/wp-json\/wp\/v2\/categories?post=34354"},{"taxonomy":"post_tag","embeddable":true,"href":"https:\/\/centralmedia.rs\/index.php\/wp-json\/wp\/v2\/tags?post=34354"}],"curies":[{"name":"wp","href":"https:\/\/api.w.org\/{rel}","templated":true}]}}