{"id":34366,"date":"2023-03-02T20:43:53","date_gmt":"2023-03-02T19:43:53","guid":{"rendered":"http:\/\/centralmedia.rs\/?p=34366"},"modified":"2023-03-11T21:19:05","modified_gmt":"2023-03-11T20:19:05","slug":"bodi-bilding-klubeverest-obelezio-30-godina-rada","status":"publish","type":"post","link":"https:\/\/centralmedia.rs\/index.php\/2023\/03\/02\/bodi-bilding-klubeverest-obelezio-30-godina-rada\/","title":{"rendered":"BODI BILDING KLUB,,EVEREST&#8221; OBELE\u017dIO 30 GODINA USPE\u0160NOG RADA"},"content":{"rendered":"<p>&nbsp;<\/p>\n<p>JAGODINA- Bodi bilding klub Evrest iz Jagodine obele\u017eio je 30 godina od osnivanja.<\/p>\n<p><img loading=\"lazy\" decoding=\"async\" class=\"alignnone wp-image-34367 size-large\" src=\"http:\/\/centralmedia.rs\/wp-content\/uploads\/2023\/03\/everest-1024x768.jpg\" alt=\"\" width=\"640\" height=\"480\" srcset=\"https:\/\/centralmedia.rs\/wp-content\/uploads\/2023\/03\/everest-1024x768.jpg 1024w, https:\/\/centralmedia.rs\/wp-content\/uploads\/2023\/03\/everest-300x225.jpg 300w, https:\/\/centralmedia.rs\/wp-content\/uploads\/2023\/03\/everest-768x576.jpg 768w, https:\/\/centralmedia.rs\/wp-content\/uploads\/2023\/03\/everest-560x420.jpg 560w, https:\/\/centralmedia.rs\/wp-content\/uploads\/2023\/03\/everest-80x60.jpg 80w, https:\/\/centralmedia.rs\/wp-content\/uploads\/2023\/03\/everest-100x75.jpg 100w, https:\/\/centralmedia.rs\/wp-content\/uploads\/2023\/03\/everest-180x135.jpg 180w, https:\/\/centralmedia.rs\/wp-content\/uploads\/2023\/03\/everest-238x178.jpg 238w, https:\/\/centralmedia.rs\/wp-content\/uploads\/2023\/03\/everest-640x480.jpg 640w, https:\/\/centralmedia.rs\/wp-content\/uploads\/2023\/03\/everest-681x511.jpg 681w, https:\/\/centralmedia.rs\/wp-content\/uploads\/2023\/03\/everest.jpg 2048w\" sizes=\"(max-width: 640px) 100vw, 640px\" \/><\/p>\n<p>-U tom periodu,stvoreni su mnogi \u0161ampioni,a po evidenciji kluba,oko 3.000 \u010dlanova je koristilo teretanu i fitnes centar iz sportskih,rekreativnih i zdravstvenih razloga. Takodje,Pe\u0111a i Maja Milo\u0161evi\u0107 su osnovali ve\u0107 tradicionalno takmi\u010denje,,JAGODINA OPEN&#8221; na kome u\u010destvuju najbolji evropski takmi\u010dari, \u0161to je zna\u010dajno ulep\u0161alo sliku grada u sportskim krugovima, istakao je direktor Jase Zoran Gligorijevi\u0107.<\/p>\n<p>Punu podr\u0161ku radu kluba daju Jagodinski sportski savez i Gradska uprava.<\/p>\n<p>&nbsp;<\/p>\n","protected":false},"excerpt":{"rendered":"<p>&nbsp; JAGODINA- Bodi bilding klub Evrest iz Jagodine obele\u017eio je 30 godina od osnivanja. -U tom periodu,stvoreni su mnogi \u0161ampioni,a po evidenciji kluba,oko 3.000 \u010dlanova &hellip; <\/p>\n","protected":false},"author":2,"featured_media":33008,"comment_status":"open","ping_status":"open","sticky":false,"template":"","format":"standard","meta":{"footnotes":""},"categories":[1524,2,1514,21,12],"tags":[4860,58,1016],"_links":{"self":[{"href":"https:\/\/centralmedia.rs\/index.php\/wp-json\/wp\/v2\/posts\/34366"}],"collection":[{"href":"https:\/\/centralmedia.rs\/index.php\/wp-json\/wp\/v2\/posts"}],"about":[{"href":"https:\/\/centralmedia.rs\/index.php\/wp-json\/wp\/v2\/types\/post"}],"author":[{"embeddable":true,"href":"https:\/\/centralmedia.rs\/index.php\/wp-json\/wp\/v2\/users\/2"}],"replies":[{"embeddable":true,"href":"https:\/\/centralmedia.rs\/index.php\/wp-json\/wp\/v2\/comments?post=34366"}],"version-history":[{"count":2,"href":"https:\/\/centralmedia.rs\/index.php\/wp-json\/wp\/v2\/posts\/34366\/revisions"}],"predecessor-version":[{"id":34369,"href":"https:\/\/centralmedia.rs\/index.php\/wp-json\/wp\/v2\/posts\/34366\/revisions\/34369"}],"wp:featuredmedia":[{"embeddable":true,"href":"https:\/\/centralmedia.rs\/index.php\/wp-json\/wp\/v2\/media\/33008"}],"wp:attachment":[{"href":"https:\/\/centralmedia.rs\/index.php\/wp-json\/wp\/v2\/media?parent=34366"}],"wp:term":[{"taxonomy":"category","embeddable":true,"href":"https:\/\/centralmedia.rs\/index.php\/wp-json\/wp\/v2\/categories?post=34366"},{"taxonomy":"post_tag","embeddable":true,"href":"https:\/\/centralmedia.rs\/index.php\/wp-json\/wp\/v2\/tags?post=34366"}],"curies":[{"name":"wp","href":"https:\/\/api.w.org\/{rel}","templated":true}]}}