{"id":34406,"date":"2023-03-10T12:30:00","date_gmt":"2023-03-10T11:30:00","guid":{"rendered":"http:\/\/centralmedia.rs\/?p=34406"},"modified":"2023-03-13T22:37:49","modified_gmt":"2023-03-13T21:37:49","slug":"saopstenje-za-javnost-opstinskog-odbora-srpske-napredne-stranke-svilajnac","status":"publish","type":"post","link":"https:\/\/centralmedia.rs\/index.php\/2023\/03\/10\/saopstenje-za-javnost-opstinskog-odbora-srpske-napredne-stranke-svilajnac\/","title":{"rendered":"SAOP\u0160TENjE ZA JAVNOST OP\u0160TINSKOG ODBORA SRPSKE NAPREDNE STRANKE SVILAJNAC"},"content":{"rendered":"<p>&nbsp;<\/p>\n<p>SVILAJNAC-Na izbornoj skup\u0161tini Op\u0161tinskog odbora Srpske napredne stranke Svilajnac, odr\u017eanoj u \u010detvrtak 9. marta 2023. godine, za predsednika Op\u0161tinskog odbora izabrana je Dragana Radevi\u0107, aktuelni zamenik predsednika op\u0161tine Svilajnac. Njenu kandidaturu podr\u017ealo je svih 55 delegata.<\/p>\n<p><img loading=\"lazy\" decoding=\"async\" class=\"alignnone wp-image-34408 size-large\" src=\"http:\/\/centralmedia.rs\/wp-content\/uploads\/2023\/03\/1-1024x855.jpg\" alt=\"\" width=\"640\" height=\"534\" srcset=\"https:\/\/centralmedia.rs\/wp-content\/uploads\/2023\/03\/1-1024x855.jpg 1024w, https:\/\/centralmedia.rs\/wp-content\/uploads\/2023\/03\/1-300x251.jpg 300w, https:\/\/centralmedia.rs\/wp-content\/uploads\/2023\/03\/1-768x641.jpg 768w, https:\/\/centralmedia.rs\/wp-content\/uploads\/2023\/03\/1-503x420.jpg 503w, https:\/\/centralmedia.rs\/wp-content\/uploads\/2023\/03\/1-640x534.jpg 640w, https:\/\/centralmedia.rs\/wp-content\/uploads\/2023\/03\/1-681x569.jpg 681w, https:\/\/centralmedia.rs\/wp-content\/uploads\/2023\/03\/1.jpg 1600w\" sizes=\"(max-width: 640px) 100vw, 640px\" \/><\/p>\n<p>Predsednik Izvr\u0161nog odbora SNS i koordinator Op\u0161tinskog odbora SNS Svilajnac Darko Gli\u0161i\u0107 prisustvovao je izbornoj skup\u0161tini i istakao da je odbor u Svilajncu pokazao da razume politiku Srpske napredne stranke, a to je da okuplja, da spaja ljude i da u njima tra\u017ei kvalitet.<\/p>\n<p>-Ljudi su ti sa kojima pravite plan za razvoj va\u0161e sredine i podi\u017eete kvalitet \u017eivota. Svilajnac je prepoznat kao sredina u kojoj se mnogo radilo, gde je visok kvalitet \u017eivota\u00a0 i gde, kada se osvrnete iza sebe, imate \u0161ta da poka\u017eete, rekao je on.<\/p>\n<p>Izbornoj skup\u0161tini kao gosti prisustvovali su predsednik Op\u0161tine Svilajnac Predrag Milanovi\u0107\u00a0 i predsednik Skup\u0161tine op\u0161tine Svilajnac dr Darko Jevti\u0107.<\/p>\n","protected":false},"excerpt":{"rendered":"<p>&nbsp; SVILAJNAC-Na izbornoj skup\u0161tini Op\u0161tinskog odbora Srpske napredne stranke Svilajnac, odr\u017eanoj u \u010detvrtak 9. marta 2023. godine, za predsednika Op\u0161tinskog odbora izabrana je Dragana Radevi\u0107, &hellip; <\/p>\n","protected":false},"author":2,"featured_media":34407,"comment_status":"open","ping_status":"open","sticky":false,"template":"","format":"standard","meta":{"footnotes":""},"categories":[1524,2,13,12,1517],"tags":[6144,5391,136,38],"_links":{"self":[{"href":"https:\/\/centralmedia.rs\/index.php\/wp-json\/wp\/v2\/posts\/34406"}],"collection":[{"href":"https:\/\/centralmedia.rs\/index.php\/wp-json\/wp\/v2\/posts"}],"about":[{"href":"https:\/\/centralmedia.rs\/index.php\/wp-json\/wp\/v2\/types\/post"}],"author":[{"embeddable":true,"href":"https:\/\/centralmedia.rs\/index.php\/wp-json\/wp\/v2\/users\/2"}],"replies":[{"embeddable":true,"href":"https:\/\/centralmedia.rs\/index.php\/wp-json\/wp\/v2\/comments?post=34406"}],"version-history":[{"count":1,"href":"https:\/\/centralmedia.rs\/index.php\/wp-json\/wp\/v2\/posts\/34406\/revisions"}],"predecessor-version":[{"id":34409,"href":"https:\/\/centralmedia.rs\/index.php\/wp-json\/wp\/v2\/posts\/34406\/revisions\/34409"}],"wp:featuredmedia":[{"embeddable":true,"href":"https:\/\/centralmedia.rs\/index.php\/wp-json\/wp\/v2\/media\/34407"}],"wp:attachment":[{"href":"https:\/\/centralmedia.rs\/index.php\/wp-json\/wp\/v2\/media?parent=34406"}],"wp:term":[{"taxonomy":"category","embeddable":true,"href":"https:\/\/centralmedia.rs\/index.php\/wp-json\/wp\/v2\/categories?post=34406"},{"taxonomy":"post_tag","embeddable":true,"href":"https:\/\/centralmedia.rs\/index.php\/wp-json\/wp\/v2\/tags?post=34406"}],"curies":[{"name":"wp","href":"https:\/\/api.w.org\/{rel}","templated":true}]}}