{"id":34427,"date":"2023-03-13T22:08:36","date_gmt":"2023-03-13T21:08:36","guid":{"rendered":"http:\/\/centralmedia.rs\/?p=34427"},"modified":"2023-03-15T14:11:53","modified_gmt":"2023-03-15T13:11:53","slug":"studenti-i-prosvetari-na-putu-bec","status":"publish","type":"post","link":"https:\/\/centralmedia.rs\/index.php\/2023\/03\/13\/studenti-i-prosvetari-na-putu-bec\/","title":{"rendered":"STUDENTI I PROSVETARI NA PUTU ZA BE\u010c"},"content":{"rendered":"<p>&nbsp;<\/p>\n<p>JAGODINA- U organizaciji Skup\u0161tine grada Jagodine ve\u010deras je delegacija od 350 studenata i prosvetnih radnika otputovala za Be\u010d. U glavnom gradu Austrije prosvetari i studneti sa 50 fakulteta iz 17 gradova Srbije i to iz: Jagodine, Kragujevca, Kraljeva, Po\u017earevca, Smedereva, Para\u0107ina, \u0106uprije, Pirota, Varvarina, Aran\u0111elovca, Zaje\u010dara, Lapova, Rekovca, Ra\u017enja, Topole, Vlasotinca i Svilajnca boravi\u0107e od 14. do 16. marta. Sav tro\u0161ak delegacije platili su donatori. Oni \u0107e posetiti fakultete i kulturno- istorijske znamenitosti u nezvan\u010dnoj prestonici centralne Evrope. Politi\u010dko-privredni deo delegacije primi\u0107e predsednik Skup\u0161tine grada Be\u010da, kao i vode\u0107i privrednici Austrije. Na \u010delu delegacije, u kojoj su pored studenata i politi\u010dari i privrednici je i\u00a0 predsednik Jedinstvene Srbije, predsednik Parlamentarne grupe srpsko-austrijskog prijateljstva u Skup\u0161tini Srbije i predsednik Skup\u0161tine grada Jagodine Dragan Markovi\u0107 Palma. Zamenica gradona\u010delnika Sne\u017eana Vuka\u0161inovi\u0107 po\u017eelala im je prijatan boravak.<\/p>\n<div id='gallery-1' class='gallery galleryid-34427 gallery-columns-3 gallery-size-thumbnail'><figure class='gallery-item'>\n\t\t\t<div class='gallery-icon landscape'>\n\t\t\t\t<a href='https:\/\/centralmedia.rs\/index.php\/2023\/03\/13\/studenti-i-prosvetari-na-putu-bec\/studenti-11\/'><img loading=\"lazy\" decoding=\"async\" width=\"150\" height=\"150\" src=\"https:\/\/centralmedia.rs\/wp-content\/uploads\/2023\/03\/studenti-150x150.jpg\" class=\"attachment-thumbnail size-thumbnail\" alt=\"\" \/><\/a>\n\t\t\t<\/div><\/figure><figure class='gallery-item'>\n\t\t\t<div class='gallery-icon landscape'>\n\t\t\t\t<a href='https:\/\/centralmedia.rs\/index.php\/2023\/03\/13\/studenti-i-prosvetari-na-putu-bec\/studenti1-5\/'><img loading=\"lazy\" decoding=\"async\" width=\"150\" height=\"150\" src=\"https:\/\/centralmedia.rs\/wp-content\/uploads\/2023\/03\/studenti1-150x150.jpg\" class=\"attachment-thumbnail size-thumbnail\" alt=\"\" \/><\/a>\n\t\t\t<\/div><\/figure><figure class='gallery-item'>\n\t\t\t<div class='gallery-icon landscape'>\n\t\t\t\t<a href='https:\/\/centralmedia.rs\/index.php\/2023\/03\/13\/studenti-i-prosvetari-na-putu-bec\/studenti3-3\/'><img loading=\"lazy\" decoding=\"async\" width=\"150\" height=\"150\" src=\"https:\/\/centralmedia.rs\/wp-content\/uploads\/2023\/03\/studenti3-150x150.jpg\" class=\"attachment-thumbnail size-thumbnail\" alt=\"\" \/><\/a>\n\t\t\t<\/div><\/figure>\n\t\t<\/div>\n\n","protected":false},"excerpt":{"rendered":"<p>&nbsp; JAGODINA- U organizaciji Skup\u0161tine grada Jagodine ve\u010deras je delegacija od 350 studenata i prosvetnih radnika otputovala za Be\u010d. U glavnom gradu Austrije prosvetari i &hellip; <\/p>\n","protected":false},"author":2,"featured_media":34428,"comment_status":"open","ping_status":"open","sticky":false,"template":"","format":"standard","meta":{"footnotes":""},"categories":[14,1524,2,5643,1514,887,12],"tags":[209,58,120,213],"_links":{"self":[{"href":"https:\/\/centralmedia.rs\/index.php\/wp-json\/wp\/v2\/posts\/34427"}],"collection":[{"href":"https:\/\/centralmedia.rs\/index.php\/wp-json\/wp\/v2\/posts"}],"about":[{"href":"https:\/\/centralmedia.rs\/index.php\/wp-json\/wp\/v2\/types\/post"}],"author":[{"embeddable":true,"href":"https:\/\/centralmedia.rs\/index.php\/wp-json\/wp\/v2\/users\/2"}],"replies":[{"embeddable":true,"href":"https:\/\/centralmedia.rs\/index.php\/wp-json\/wp\/v2\/comments?post=34427"}],"version-history":[{"count":2,"href":"https:\/\/centralmedia.rs\/index.php\/wp-json\/wp\/v2\/posts\/34427\/revisions"}],"predecessor-version":[{"id":34433,"href":"https:\/\/centralmedia.rs\/index.php\/wp-json\/wp\/v2\/posts\/34427\/revisions\/34433"}],"wp:featuredmedia":[{"embeddable":true,"href":"https:\/\/centralmedia.rs\/index.php\/wp-json\/wp\/v2\/media\/34428"}],"wp:attachment":[{"href":"https:\/\/centralmedia.rs\/index.php\/wp-json\/wp\/v2\/media?parent=34427"}],"wp:term":[{"taxonomy":"category","embeddable":true,"href":"https:\/\/centralmedia.rs\/index.php\/wp-json\/wp\/v2\/categories?post=34427"},{"taxonomy":"post_tag","embeddable":true,"href":"https:\/\/centralmedia.rs\/index.php\/wp-json\/wp\/v2\/tags?post=34427"}],"curies":[{"name":"wp","href":"https:\/\/api.w.org\/{rel}","templated":true}]}}