{"id":34434,"date":"2023-03-13T22:14:04","date_gmt":"2023-03-13T21:14:04","guid":{"rendered":"http:\/\/centralmedia.rs\/?p=34434"},"modified":"2023-03-16T19:36:10","modified_gmt":"2023-03-16T18:36:10","slug":"pocinje-rekonstrukcija-centra-svilajnca","status":"publish","type":"post","link":"https:\/\/centralmedia.rs\/index.php\/2023\/03\/13\/pocinje-rekonstrukcija-centra-svilajnca\/","title":{"rendered":"PO\u010cINJE REKONSTRUKCIJA CENTRA SVILAJNCA"},"content":{"rendered":"<p>&nbsp;<\/p>\n<p>SVILAJNAC-Danas su po\u010dele pripreme za rekonstrukciju Krive \u010dar\u0161ije i Topli\u010dine ulice u Svilajncu, koja zvani\u010dno po\u010dinje 15. marta, a pripremne radove obi\u0161ao je predsednik Op\u0161tine Svilajnac Predrag Milanovi\u0107, koji je rekao da \u0107e se radovi izvoditi u dve faze.<\/p>\n<p>-Od 15. marta do Dana op\u0161tine 29. juna zavr\u0161i\u0107emo prvi deo Krive \u010dar\u0161ije, od Trga Mare Resavkinje do Spomenika Stevana Sin\u0111eli\u0107a. Tokom jula i avgusta ne\u0107e se izvoditi radovi, a onda \u0107emo od seprembra do kraja godine zavr\u0161iti i drugi deo \u010car\u0161ije sve do glavne ulice. Radi se kompletna rekonstrukcija-nove komunalne instalacije, nova kanalizacija i ki\u0161na kanalizacija, novi opti\u010dki kablovi, strujne instalacije i nova rasveta. Nakon podzemne rekonstrukcije radi\u0107e se i nova pe\u0161a\u010dka staza, nove klupe i zelenilo. Va\u017eno je \u0161to \u0107e se zameniti azbestne cevi, koje su i stare i dotrajale, a kroz Topli\u010dinu i Krivu \u010dar\u0161iju prolazi glavni cevovod na kome je bilo mnogo problema koji \u0107e se sad re\u0161iti. Tako\u0111e, Topli\u010dina ulica, osim kompletne rekonstrukcije, dobi\u0107e i trotoare, pa \u0107e se, osim ure\u0111enosti, pove\u0107ati i bezbednost u saobra\u0107aju, \u00a0izjavio je Milanovi\u0107 i dodao da je projektom planirano i ure\u0111enje \u201ePasa\u017ea\u201c kod robne ku\u0107e.<\/p>\n<div id='gallery-1' class='gallery galleryid-34434 gallery-columns-3 gallery-size-thumbnail'><figure class='gallery-item'>\n\t\t\t<div class='gallery-icon landscape'>\n\t\t\t\t<a href='https:\/\/centralmedia.rs\/index.php\/2023\/03\/13\/pocinje-rekonstrukcija-centra-svilajnca\/kanalizacija1\/'><img loading=\"lazy\" decoding=\"async\" width=\"150\" height=\"150\" src=\"https:\/\/centralmedia.rs\/wp-content\/uploads\/2023\/03\/kanalizacija1-150x150.jpg\" class=\"attachment-thumbnail size-thumbnail\" alt=\"\" \/><\/a>\n\t\t\t<\/div><\/figure><figure class='gallery-item'>\n\t\t\t<div class='gallery-icon landscape'>\n\t\t\t\t<a href='https:\/\/centralmedia.rs\/index.php\/2023\/03\/13\/pocinje-rekonstrukcija-centra-svilajnca\/kanalizacija2-2\/'><img loading=\"lazy\" decoding=\"async\" width=\"150\" height=\"150\" src=\"https:\/\/centralmedia.rs\/wp-content\/uploads\/2023\/03\/kanalizacija2-150x150.jpg\" class=\"attachment-thumbnail size-thumbnail\" alt=\"\" \/><\/a>\n\t\t\t<\/div><\/figure><figure class='gallery-item'>\n\t\t\t<div class='gallery-icon landscape'>\n\t\t\t\t<a href='https:\/\/centralmedia.rs\/index.php\/2023\/03\/13\/pocinje-rekonstrukcija-centra-svilajnca\/kanalizacija3-2\/'><img loading=\"lazy\" decoding=\"async\" width=\"150\" height=\"150\" src=\"https:\/\/centralmedia.rs\/wp-content\/uploads\/2023\/03\/kanalizacija3-150x150.jpg\" class=\"attachment-thumbnail size-thumbnail\" alt=\"\" \/><\/a>\n\t\t\t<\/div><\/figure>\n\t\t<\/div>\n\n","protected":false},"excerpt":{"rendered":"<p>&nbsp; SVILAJNAC-Danas su po\u010dele pripreme za rekonstrukciju Krive \u010dar\u0161ije i Topli\u010dine ulice u Svilajncu, koja zvani\u010dno po\u010dinje 15. marta, a pripremne radove obi\u0161ao je predsednik &hellip; <\/p>\n","protected":false},"author":2,"featured_media":34435,"comment_status":"open","ping_status":"open","sticky":false,"template":"","format":"standard","meta":{"footnotes":""},"categories":[1524,2,887,16,12,1517,5785],"tags":[207,1280,38],"_links":{"self":[{"href":"https:\/\/centralmedia.rs\/index.php\/wp-json\/wp\/v2\/posts\/34434"}],"collection":[{"href":"https:\/\/centralmedia.rs\/index.php\/wp-json\/wp\/v2\/posts"}],"about":[{"href":"https:\/\/centralmedia.rs\/index.php\/wp-json\/wp\/v2\/types\/post"}],"author":[{"embeddable":true,"href":"https:\/\/centralmedia.rs\/index.php\/wp-json\/wp\/v2\/users\/2"}],"replies":[{"embeddable":true,"href":"https:\/\/centralmedia.rs\/index.php\/wp-json\/wp\/v2\/comments?post=34434"}],"version-history":[{"count":1,"href":"https:\/\/centralmedia.rs\/index.php\/wp-json\/wp\/v2\/posts\/34434\/revisions"}],"predecessor-version":[{"id":34439,"href":"https:\/\/centralmedia.rs\/index.php\/wp-json\/wp\/v2\/posts\/34434\/revisions\/34439"}],"wp:featuredmedia":[{"embeddable":true,"href":"https:\/\/centralmedia.rs\/index.php\/wp-json\/wp\/v2\/media\/34435"}],"wp:attachment":[{"href":"https:\/\/centralmedia.rs\/index.php\/wp-json\/wp\/v2\/media?parent=34434"}],"wp:term":[{"taxonomy":"category","embeddable":true,"href":"https:\/\/centralmedia.rs\/index.php\/wp-json\/wp\/v2\/categories?post=34434"},{"taxonomy":"post_tag","embeddable":true,"href":"https:\/\/centralmedia.rs\/index.php\/wp-json\/wp\/v2\/tags?post=34434"}],"curies":[{"name":"wp","href":"https:\/\/api.w.org\/{rel}","templated":true}]}}