{"id":34440,"date":"2023-03-15T13:02:31","date_gmt":"2023-03-15T12:02:31","guid":{"rendered":"http:\/\/centralmedia.rs\/?p=34440"},"modified":"2023-03-16T19:35:13","modified_gmt":"2023-03-16T18:35:13","slug":"palma-izjava-radeta-baste-ne-znaci-nista-to-ne-da-nije-atomska-bomba-kako-neki-mediji-prikazuju-to-nije-ni-petarda","status":"publish","type":"post","link":"https:\/\/centralmedia.rs\/index.php\/2023\/03\/15\/palma-izjava-radeta-baste-ne-znaci-nista-to-ne-da-nije-atomska-bomba-kako-neki-mediji-prikazuju-to-nije-ni-petarda\/","title":{"rendered":"PALMA : IZJAVA RADETA BASTE NE ZNA\u010cI NI\u0160TA. TO NE DA NIJE ATOMSKA BOMBA KAKO NEKI MEDIJI PRIKAZUJU, TO NIJE NI PETARDA"},"content":{"rendered":"<p>&nbsp;<\/p>\n<p>U telefonskom uklju\u010denju u program Hepi televizije iz Be\u010da, na pitanje novinara da je izjava Radeta Baste o uvo\u0111enju sankcija Rusiji odjeknula kao atomska bomba, predsednik Jedinstvene Srbije Dragan Markovi\u0107 Palma je rekao : Kakva atomska bomba, to nije ni petarda. Jedinstvena Srbija po\u0161tuje odluku dr\u017eavne institucije koja se zove Savet za nacionalnu bezbednost Republike Srbije, koji je osudio agresiju Rusije na Ukrajinu, ali nije doneta odluka o uvo\u0111enju sankcija Rusiji. Tako da ta izjava Radeta Baste ne zna\u010di ni\u0161ta i to je njegov li\u010dni stav. Stav Jedinstvene Srbije i na\u0161eg koalicionog partnera Socijalisti\u010dke partije Srbije i predsednika SPS Ivice Da\u010di\u0107a je poznat i mi od toga stava ne\u0107emo da odustanemo. Mi po\u0161tujemo institucije Republike Srbije. Ja vam iz Be\u010da ka\u017eem da ta izjava Radeta Baste ne zna\u010di ni\u0161ta. Jedino je kompetentno Predsedni\u0161tvo Jedinstvene Srbije da donosi odluke vezane za globalnu politiku, a posebno za takvo pitanje, a ne pojedina\u010dni stavovi. Jedinstvena Srbija i SPS nikada nisu imali nijedan problem niti za doma\u0107u ni za me\u0111unarodnu politiku\u201c, rekao jhe Markovi\u0107. \u201eMi smo za dijalog i siguran sam da \u0107e i u predstoje\u0107em dijalogu u Ohridu predsednik Srbije Aleksandar Vu\u010di\u0107 doneti dobre odluke koje \u0107e biti od koristi i za dr\u017eavu Srbiju i za gra\u0111ane Srbije. On ima najve\u0107u odgovornot zato \u0161to je neposredno pobedio imenom i prezimenom na predsedni\u010dkim izborima, a na tim izborima podr\u0161ku su mu dali i Jedinstvena Srbija i SPS\u201c, kazao je predsednik Jedinstvene Srbije.<\/p>\n","protected":false},"excerpt":{"rendered":"<p>&nbsp; U telefonskom uklju\u010denju u program Hepi televizije iz Be\u010da, na pitanje novinara da je izjava Radeta Baste o uvo\u0111enju sankcija Rusiji odjeknula kao atomska &hellip; <\/p>\n","protected":false},"author":2,"featured_media":33700,"comment_status":"open","ping_status":"open","sticky":false,"template":"","format":"standard","meta":{"footnotes":""},"categories":[1524,2,1514,5643,13,887,12],"tags":[6148,120,141,142],"_links":{"self":[{"href":"https:\/\/centralmedia.rs\/index.php\/wp-json\/wp\/v2\/posts\/34440"}],"collection":[{"href":"https:\/\/centralmedia.rs\/index.php\/wp-json\/wp\/v2\/posts"}],"about":[{"href":"https:\/\/centralmedia.rs\/index.php\/wp-json\/wp\/v2\/types\/post"}],"author":[{"embeddable":true,"href":"https:\/\/centralmedia.rs\/index.php\/wp-json\/wp\/v2\/users\/2"}],"replies":[{"embeddable":true,"href":"https:\/\/centralmedia.rs\/index.php\/wp-json\/wp\/v2\/comments?post=34440"}],"version-history":[{"count":1,"href":"https:\/\/centralmedia.rs\/index.php\/wp-json\/wp\/v2\/posts\/34440\/revisions"}],"predecessor-version":[{"id":34441,"href":"https:\/\/centralmedia.rs\/index.php\/wp-json\/wp\/v2\/posts\/34440\/revisions\/34441"}],"wp:featuredmedia":[{"embeddable":true,"href":"https:\/\/centralmedia.rs\/index.php\/wp-json\/wp\/v2\/media\/33700"}],"wp:attachment":[{"href":"https:\/\/centralmedia.rs\/index.php\/wp-json\/wp\/v2\/media?parent=34440"}],"wp:term":[{"taxonomy":"category","embeddable":true,"href":"https:\/\/centralmedia.rs\/index.php\/wp-json\/wp\/v2\/categories?post=34440"},{"taxonomy":"post_tag","embeddable":true,"href":"https:\/\/centralmedia.rs\/index.php\/wp-json\/wp\/v2\/tags?post=34440"}],"curies":[{"name":"wp","href":"https:\/\/api.w.org\/{rel}","templated":true}]}}