{"id":34456,"date":"2023-03-16T18:44:48","date_gmt":"2023-03-16T17:44:48","guid":{"rendered":"http:\/\/centralmedia.rs\/?p=34456"},"modified":"2023-03-21T14:34:16","modified_gmt":"2023-03-21T13:34:16","slug":"sastanak-sa-predstavnicima-mesnih-zajednica","status":"publish","type":"post","link":"https:\/\/centralmedia.rs\/index.php\/2023\/03\/16\/sastanak-sa-predstavnicima-mesnih-zajednica\/","title":{"rendered":"SASTANAK SA PREDSTAVNICIMA MESNIH ZAJEDNICA"},"content":{"rendered":"<p>&nbsp;<\/p>\n<p>SVILAJNAC-Predsednik Op\u0161tine Svilajnac Predrag Milanovi\u0107 odr\u017eao je ju\u010de godi\u0161nji sastanak sa predsednicima Saveta mesnih zajednica i njihovim zamenicima svih 19 mesnih zajednica koje su uvele samodoprinos.<\/p>\n<div id='gallery-1' class='gallery galleryid-34456 gallery-columns-3 gallery-size-thumbnail'><figure class='gallery-item'>\n\t\t\t<div class='gallery-icon landscape'>\n\t\t\t\t<a href='https:\/\/centralmedia.rs\/index.php\/2023\/03\/16\/sastanak-sa-predstavnicima-mesnih-zajednica\/mz-2\/'><img loading=\"lazy\" decoding=\"async\" width=\"150\" height=\"150\" src=\"https:\/\/centralmedia.rs\/wp-content\/uploads\/2023\/03\/mz-150x150.jpg\" class=\"attachment-thumbnail size-thumbnail\" alt=\"\" \/><\/a>\n\t\t\t<\/div><\/figure><figure class='gallery-item'>\n\t\t\t<div class='gallery-icon landscape'>\n\t\t\t\t<a href='https:\/\/centralmedia.rs\/index.php\/2023\/03\/16\/sastanak-sa-predstavnicima-mesnih-zajednica\/mz1\/'><img loading=\"lazy\" decoding=\"async\" width=\"150\" height=\"150\" src=\"https:\/\/centralmedia.rs\/wp-content\/uploads\/2023\/03\/mz1-150x150.jpg\" class=\"attachment-thumbnail size-thumbnail\" alt=\"\" \/><\/a>\n\t\t\t<\/div><\/figure><figure class='gallery-item'>\n\t\t\t<div class='gallery-icon landscape'>\n\t\t\t\t<a href='https:\/\/centralmedia.rs\/index.php\/2023\/03\/16\/sastanak-sa-predstavnicima-mesnih-zajednica\/predrag-milanovic-10\/'><img loading=\"lazy\" decoding=\"async\" width=\"150\" height=\"150\" src=\"https:\/\/centralmedia.rs\/wp-content\/uploads\/2023\/03\/PREDrag-milanovic-150x150.jpg\" class=\"attachment-thumbnail size-thumbnail\" alt=\"\" \/><\/a>\n\t\t\t<\/div><\/figure>\n\t\t<\/div>\n\n<p>Tema sastanka bili su redovni godi\u0161nji poslovi po mesnim zajednicama i potrebe me\u0161tana:<\/p>\n<p>\u201eRazgovarali smo, izme\u0111u ostalog, i o tome na koji na\u010din \u0107e mesne zajednice upotrebiti novac od samodoprinosa.\u00a0 U ovom trenutku na ra\u010dunima ovih 19 mesnih zajednica ima ukupno oko 6 miliona dinara i u narednom periodu mesne zajednice \u0107e se dogovoriti i odlu\u010diti na \u0161ta treba da utro\u0161e ta sredstva i \u0161ta su njihovi prioriteti. Tako\u0111e, postoje redovni poslovi kao \u0161to su sre\u0111ivanje poljskih puteva, nasipanje kamena, ko\u0161enje groblja, za koje smo utvrdili kojom dinamikom \u0107e se obavljati, i na kraju smo razgovarali o tome koje su to potrebe mesnih zajednica, s obzirom da sad imaju i svoj novac od samodoprinosa, zatim tu su sredstva od op\u0161tine, od Republike, od gra\u0111ana, i od Evropske unije koja u\u010destvuje na nekim projektima\u201c \u2013 izjavio je Milanovi\u0107 i dodao da \u0107e se u narednom periodu obi\u0107i mesne zajednice kako bi se razgovaralo sa me\u0161tanima na terenu.<\/p>\n","protected":false},"excerpt":{"rendered":"<p>&nbsp; SVILAJNAC-Predsednik Op\u0161tine Svilajnac Predrag Milanovi\u0107 odr\u017eao je ju\u010de godi\u0161nji sastanak sa predsednicima Saveta mesnih zajednica i njihovim zamenicima svih 19 mesnih zajednica koje su &hellip; <\/p>\n","protected":false},"author":2,"featured_media":34458,"comment_status":"open","ping_status":"open","sticky":false,"template":"","format":"standard","meta":{"footnotes":""},"categories":[1524,2,13,887,12,1517,5785],"tags":[5236,39,38],"_links":{"self":[{"href":"https:\/\/centralmedia.rs\/index.php\/wp-json\/wp\/v2\/posts\/34456"}],"collection":[{"href":"https:\/\/centralmedia.rs\/index.php\/wp-json\/wp\/v2\/posts"}],"about":[{"href":"https:\/\/centralmedia.rs\/index.php\/wp-json\/wp\/v2\/types\/post"}],"author":[{"embeddable":true,"href":"https:\/\/centralmedia.rs\/index.php\/wp-json\/wp\/v2\/users\/2"}],"replies":[{"embeddable":true,"href":"https:\/\/centralmedia.rs\/index.php\/wp-json\/wp\/v2\/comments?post=34456"}],"version-history":[{"count":2,"href":"https:\/\/centralmedia.rs\/index.php\/wp-json\/wp\/v2\/posts\/34456\/revisions"}],"predecessor-version":[{"id":34462,"href":"https:\/\/centralmedia.rs\/index.php\/wp-json\/wp\/v2\/posts\/34456\/revisions\/34462"}],"wp:featuredmedia":[{"embeddable":true,"href":"https:\/\/centralmedia.rs\/index.php\/wp-json\/wp\/v2\/media\/34458"}],"wp:attachment":[{"href":"https:\/\/centralmedia.rs\/index.php\/wp-json\/wp\/v2\/media?parent=34456"}],"wp:term":[{"taxonomy":"category","embeddable":true,"href":"https:\/\/centralmedia.rs\/index.php\/wp-json\/wp\/v2\/categories?post=34456"},{"taxonomy":"post_tag","embeddable":true,"href":"https:\/\/centralmedia.rs\/index.php\/wp-json\/wp\/v2\/tags?post=34456"}],"curies":[{"name":"wp","href":"https:\/\/api.w.org\/{rel}","templated":true}]}}