{"id":34463,"date":"2023-03-16T18:49:34","date_gmt":"2023-03-16T17:49:34","guid":{"rendered":"http:\/\/centralmedia.rs\/?p=34463"},"modified":"2023-03-21T14:34:09","modified_gmt":"2023-03-21T13:34:09","slug":"promocija-49-festivala-dani-komedije-u-ateljeu-212","status":"publish","type":"post","link":"https:\/\/centralmedia.rs\/index.php\/2023\/03\/16\/promocija-49-festivala-dani-komedije-u-ateljeu-212\/","title":{"rendered":"PROMOCIJA 49. FESTIVALA DANI KOMEDIJE U ATELJEU 212"},"content":{"rendered":"<p>&nbsp;<\/p>\n<p>U Ateljeu 212 u Beogradu danas je odr\u017eana promocija festivala 49. Dani komedije u Jagodini. Na promociji su govorili direktorka Kulturnog centra Zorica Stojinovi\u0107, selektor, Umetni\u010dki direktor i \u010dlan Umetni\u010dkog saveta Neboj\u0161a Bradi\u0107 i predsednik \u017dirija dramski umetnik Dragan Petrovi\u0107 Pele.<\/p>\n<div id='gallery-1' class='gallery galleryid-34463 gallery-columns-4 gallery-size-thumbnail'><figure class='gallery-item'>\n\t\t\t<div class='gallery-icon landscape'>\n\t\t\t\t<a href='https:\/\/centralmedia.rs\/index.php\/2023\/03\/16\/promocija-49-festivala-dani-komedije-u-ateljeu-212\/attachment\/2121\/'><img loading=\"lazy\" decoding=\"async\" width=\"150\" height=\"150\" src=\"https:\/\/centralmedia.rs\/wp-content\/uploads\/2023\/03\/2121-150x150.jpg\" class=\"attachment-thumbnail size-thumbnail\" alt=\"\" \/><\/a>\n\t\t\t<\/div><\/figure><figure class='gallery-item'>\n\t\t\t<div class='gallery-icon landscape'>\n\t\t\t\t<a href='https:\/\/centralmedia.rs\/index.php\/2023\/03\/16\/promocija-49-festivala-dani-komedije-u-ateljeu-212\/attachment\/2122\/'><img loading=\"lazy\" decoding=\"async\" width=\"150\" height=\"150\" src=\"https:\/\/centralmedia.rs\/wp-content\/uploads\/2023\/03\/2122-150x150.jpg\" class=\"attachment-thumbnail size-thumbnail\" alt=\"\" \/><\/a>\n\t\t\t<\/div><\/figure><figure class='gallery-item'>\n\t\t\t<div class='gallery-icon portrait'>\n\t\t\t\t<a href='https:\/\/centralmedia.rs\/index.php\/2023\/03\/16\/promocija-49-festivala-dani-komedije-u-ateljeu-212\/attachment\/2123\/'><img loading=\"lazy\" decoding=\"async\" width=\"150\" height=\"150\" src=\"https:\/\/centralmedia.rs\/wp-content\/uploads\/2023\/03\/2123-150x150.jpg\" class=\"attachment-thumbnail size-thumbnail\" alt=\"\" \/><\/a>\n\t\t\t<\/div><\/figure><figure class='gallery-item'>\n\t\t\t<div class='gallery-icon portrait'>\n\t\t\t\t<a href='https:\/\/centralmedia.rs\/index.php\/2023\/03\/16\/promocija-49-festivala-dani-komedije-u-ateljeu-212\/repertoar\/'><img loading=\"lazy\" decoding=\"async\" width=\"150\" height=\"150\" src=\"https:\/\/centralmedia.rs\/wp-content\/uploads\/2023\/03\/repertoar-150x150.jpg\" class=\"attachment-thumbnail size-thumbnail\" alt=\"\" \/><\/a>\n\t\t\t<\/div><\/figure>\n\t\t<\/div>\n\n<p>Festival se odr\u017eava od 20. do 27. marta.\u00a0Na repertoaru su :<\/p>\n<p>Ubistvo u Orijent ekspresu po tekstu Kena Ludviga, u re\u017eiji Darjana Mihajlovi\u0107a i produkciji Pozori\u0161ta \u201eBo\u0161ko Buha\u201d;<\/p>\n<p>\u010cista ku\u0107a Sare Rul, u re\u017eiji Andree Pjevi\u0107 i u produkciji Pozori\u0161ta Atelje 212;<\/p>\n<p>Tartif po tekstu \u017dana Batista Poklena Molijera, u re\u017eiji Igora Vuka Torbice i u koprodukciji Narodnog pozori\u0161ta iz Sombora i Srpskog narodnog pozori\u0161ta iz Novog Sada;<\/p>\n<p>Ibi the Great po tekstu Alfreda \u017darija, u re\u017eiji Andra\u0161a Urbana i u produkciji Narodnog pozori\u0161ta u Somboru;<\/p>\n<p>Sitnice koje \u017eivot zna\u010de Lorenca Maronea, u re\u017eiji Andreja Nosova i u koprodukciji Narodnog pozori\u0161ta Beograd, BEOART-a i Centra za kulturu Tivat;<\/p>\n<p>Neki to vole vru\u0107e po motivima istoimenog filma, u re\u017eiji Aleksandra Marinkovi\u0107a i u produkciji Narodnog pozori\u0161ta Ni\u0161;<\/p>\n<p>,,Bladi mun\u201d Crnogorskog Narodnog pozori\u0161ta u re\u017eiji Ane \u0110or\u0111evi\u0107<\/p>\n<p>U \u010dast nagra\u0111enih bi\u0107e izvedena predstava Terapija Kristofera Duranga, u adaptaciji i re\u017eiji Olivere \u0110or\u0111evi\u0107 i u produkciji Regionalnog pozori\u0161ta iz Novog Pazara.<\/p>\n<p>&nbsp;<\/p>\n<p>&nbsp;<\/p>\n<p>&nbsp;<\/p>\n","protected":false},"excerpt":{"rendered":"<p>&nbsp; U Ateljeu 212 u Beogradu danas je odr\u017eana promocija festivala 49. Dani komedije u Jagodini. Na promociji su govorili direktorka Kulturnog centra Zorica Stojinovi\u0107, &hellip; <\/p>\n","protected":false},"author":2,"featured_media":34464,"comment_status":"open","ping_status":"open","sticky":false,"template":"","format":"standard","meta":{"footnotes":""},"categories":[1524,2,1514,5643,15,887,12],"tags":[6153,506,58],"_links":{"self":[{"href":"https:\/\/centralmedia.rs\/index.php\/wp-json\/wp\/v2\/posts\/34463"}],"collection":[{"href":"https:\/\/centralmedia.rs\/index.php\/wp-json\/wp\/v2\/posts"}],"about":[{"href":"https:\/\/centralmedia.rs\/index.php\/wp-json\/wp\/v2\/types\/post"}],"author":[{"embeddable":true,"href":"https:\/\/centralmedia.rs\/index.php\/wp-json\/wp\/v2\/users\/2"}],"replies":[{"embeddable":true,"href":"https:\/\/centralmedia.rs\/index.php\/wp-json\/wp\/v2\/comments?post=34463"}],"version-history":[{"count":3,"href":"https:\/\/centralmedia.rs\/index.php\/wp-json\/wp\/v2\/posts\/34463\/revisions"}],"predecessor-version":[{"id":34471,"href":"https:\/\/centralmedia.rs\/index.php\/wp-json\/wp\/v2\/posts\/34463\/revisions\/34471"}],"wp:featuredmedia":[{"embeddable":true,"href":"https:\/\/centralmedia.rs\/index.php\/wp-json\/wp\/v2\/media\/34464"}],"wp:attachment":[{"href":"https:\/\/centralmedia.rs\/index.php\/wp-json\/wp\/v2\/media?parent=34463"}],"wp:term":[{"taxonomy":"category","embeddable":true,"href":"https:\/\/centralmedia.rs\/index.php\/wp-json\/wp\/v2\/categories?post=34463"},{"taxonomy":"post_tag","embeddable":true,"href":"https:\/\/centralmedia.rs\/index.php\/wp-json\/wp\/v2\/tags?post=34463"}],"curies":[{"name":"wp","href":"https:\/\/api.w.org\/{rel}","templated":true}]}}